{"id":3211,"date":"2025-05-29T16:48:03","date_gmt":"2025-05-29T20:48:03","guid":{"rendered":"https:\/\/allocar-martinique.fr\/?p=3211"},"modified":"2025-05-29T16:48:03","modified_gmt":"2025-05-29T20:48:03","slug":"what-is-the-most-beautiful-part-of-martinique","status":"publish","type":"post","link":"https:\/\/allocar-martinique.fr\/en\/what-is-the-most-beautiful-part-of-martinique\/","title":{"rendered":"What Is the Most Beautiful Part of Martinique?"},"content":{"rendered":"[vc_row type=\"in_container\" full_screen_row_position=\"middle\" column_margin=\"default\" column_direction=\"default\" column_direction_tablet=\"default\" column_direction_phone=\"default\" scene_position=\"center\" text_color=\"dark\" text_align=\"left\" row_border_radius=\"none\" row_border_radius_applies=\"bg\" overflow=\"visible\" overlay_strength=\"0.3\" gradient_direction=\"left_to_right\" shape_divider_position=\"bottom\" bg_image_animation=\"none\"][vc_column column_padding=\"no-extra-padding\" column_padding_tablet=\"inherit\" column_padding_phone=\"inherit\" column_padding_position=\"all\" column_element_direction_desktop=\"default\" column_element_spacing=\"default\" desktop_text_alignment=\"default\" tablet_text_alignment=\"default\" phone_text_alignment=\"default\" background_color_opacity=\"1\" background_hover_color_opacity=\"1\" column_backdrop_filter=\"none\" column_shadow=\"none\" column_border_radius=\"none\" column_link_target=\"_self\" column_position=\"default\" gradient_direction=\"left_to_right\" overlay_strength=\"0.3\" width=\"1\/1\" tablet_width_inherit=\"default\" animation_type=\"default\" bg_image_animation=\"none\" border_type=\"simple\" column_border_width=\"none\" column_border_style=\"solid\"][vc_column_text css=\"\" text_direction=\"default\"]<b>Faut-il privil\u00e9gier le nord ou le sud de l'\u00eele pour un s\u00e9jour de 10 jours ?<\/b><span style=\"font-weight: 400;\"> Et <a href=\"https:\/\/allocar-martinique.fr\/fr\/nos-vehicules\/\">quel type de v\u00e9hicule<\/a> est le plus adapt\u00e9 pour explorer ces deux r\u00e9gions aux caract\u00e8res bien distincts ?\u00a0<\/span><\/p>\n<p><span style=\"font-weight: 400;\">La Martinique, surnomm\u00e9e l'\u00eele aux fleurs, offre une diversit\u00e9 de paysages et d'activit\u00e9s qui s\u00e9duisent les voyageurs en qu\u00eate de nature, de culture et de d\u00e9tente. Dans cet article, nous vous proposons un guide pratique pour vous aider \u00e0 organiser votre voyage en Martinique, en alternant entre le nord et le sud, et en choisissant <a href=\"https:\/\/allocar-martinique.fr\/fr\/location-suv-citadine-martinique\/\">le v\u00e9hicule id\u00e9al pour votre itin\u00e9raire<\/a>.<\/span>[\/vc_column_text][\/vc_column][\/vc_row][vc_row type=\"in_container\" full_screen_row_position=\"middle\" column_margin=\"default\" column_direction=\"default\" column_direction_tablet=\"default\" column_direction_phone=\"default\" scene_position=\"center\" text_color=\"dark\" text_align=\"left\" row_border_radius=\"none\" row_border_radius_applies=\"bg\" overflow=\"visible\" overlay_strength=\"0.3\" gradient_direction=\"left_to_right\" shape_divider_position=\"bottom\" bg_image_animation=\"none\"][vc_column column_padding=\"no-extra-padding\" column_padding_tablet=\"inherit\" column_padding_phone=\"inherit\" column_padding_position=\"all\" column_element_direction_desktop=\"default\" column_element_spacing=\"default\" desktop_text_alignment=\"default\" tablet_text_alignment=\"default\" phone_text_alignment=\"default\" background_color_opacity=\"1\" background_hover_color_opacity=\"1\" column_backdrop_filter=\"none\" column_shadow=\"none\" column_border_radius=\"none\" column_link_target=\"_self\" column_position=\"default\" gradient_direction=\"left_to_right\" overlay_strength=\"0.3\" width=\"1\/2\" tablet_width_inherit=\"default\" animation_type=\"default\" bg_image_animation=\"none\" border_type=\"simple\" column_border_width=\"none\" column_border_style=\"solid\"][vc_column_text css=\"\" text_direction=\"default\"]\n<h2><b>Les atouts du nord de la Martinique<\/b><\/h2>\n<p>&nbsp;<\/p>\n<p><span style=\"font-weight: 400;\">Le nord de la Martinique est r\u00e9put\u00e9 pour sa nature dense, ses mornes verdoyants et ses plages de sable noir. C'est une r\u00e9gion id\u00e9ale pour les amateurs de randonn\u00e9es, de d\u00e9couvertes culturelles et de paysages sauvages.<\/span><\/p>\n<p><span style=\"font-weight: 400;\">Parmi les sites incontournables, on peut citer la <\/span><b>Montagne Pel\u00e9e<\/b><span style=\"font-weight: 400;\">, volcan embl\u00e9matique de l'\u00eele, dont l'ascension offre des panoramas spectaculaires. La ville de <\/span><b>Saint-Pierre<\/b><span style=\"font-weight: 400;\">, ancienne capitale d\u00e9truite par l'\u00e9ruption de 1902, t\u00e9moigne de l'histoire tragique de la r\u00e9gion. La <\/span><b>Presqu'\u00eele de la Caravelle<\/b><span style=\"font-weight: 400;\"> et la <\/span><b>Route de la Trace<\/b><span style=\"font-weight: 400;\"> offrent \u00e9galement des balades inoubliables \u00e0 travers la for\u00eat tropicale.<\/span><\/p>\n<p><span style=\"font-weight: 400;\">Cependant, le nord pr\u00e9sente aussi quelques inconv\u00e9nients : les routes y sont souvent sinueuses et \u00e9troites, ce qui peut rendre la conduite plus difficile, surtout en saison de pluies. De plus, les h\u00e9bergements y sont moins nombreux et plus dispers\u00e9s que dans le sud.<\/span>[\/vc_column_text][\/vc_column][vc_column column_padding=\"no-extra-padding\" column_padding_tablet=\"inherit\" column_padding_phone=\"inherit\" column_padding_position=\"all\" column_element_direction_desktop=\"default\" column_element_spacing=\"default\" desktop_text_alignment=\"default\" tablet_text_alignment=\"default\" phone_text_alignment=\"default\" background_color_opacity=\"1\" background_hover_color_opacity=\"1\" column_backdrop_filter=\"none\" column_shadow=\"none\" column_border_radius=\"none\" column_link_target=\"_self\" column_position=\"default\" gradient_direction=\"left_to_right\" overlay_strength=\"0.3\" width=\"1\/2\" tablet_width_inherit=\"default\" animation_type=\"default\" bg_image_animation=\"none\" border_type=\"simple\" column_border_width=\"none\" column_border_style=\"solid\"][image_with_animation image_url=\"3180\" image_size=\"full\" animation_type=\"entrance\" animation=\"None\" animation_movement_type=\"transform_y\" hover_animation=\"none\" alignment=\"\" border_radius=\"20px\" box_shadow=\"small_depth\" image_loading=\"default\" max_width=\"100%\" max_width_mobile=\"default\" margin_top=\"150\"][nectar_btn size=\"jumbo\" button_style=\"regular\" button_color_2=\"Accent-Color\" icon_family=\"none\" text=\"R\u00e9server ma voiture ici\" url=\"https:\/\/allocar-martinique.fr\/en\/\"][\/vc_column][\/vc_row][vc_row type=\"in_container\" full_screen_row_position=\"middle\" column_margin=\"default\" column_direction=\"default\" column_direction_tablet=\"column_reverse\" column_direction_phone=\"default\" scene_position=\"center\" text_color=\"dark\" text_align=\"left\" row_border_radius=\"none\" row_border_radius_applies=\"bg\" overflow=\"visible\" overlay_strength=\"0.3\" gradient_direction=\"left_to_right\" shape_divider_position=\"bottom\" bg_image_animation=\"none\" gradient_type=\"default\" shape_type=\"\"][vc_column column_padding=\"no-extra-padding\" column_padding_tablet=\"inherit\" column_padding_phone=\"inherit\" column_padding_position=\"all\" column_element_direction_desktop=\"default\" column_element_spacing=\"default\" desktop_text_alignment=\"default\" tablet_text_alignment=\"default\" phone_text_alignment=\"default\" background_color_opacity=\"1\" background_hover_color_opacity=\"1\" column_backdrop_filter=\"none\" column_shadow=\"none\" column_border_radius=\"none\" column_link_target=\"_self\" column_position=\"default\" gradient_direction=\"left_to_right\" overlay_strength=\"0.3\" width=\"1\/2\" tablet_width_inherit=\"default\" animation_type=\"default\" bg_image_animation=\"none\" border_type=\"simple\" column_border_width=\"none\" column_border_style=\"solid\"][image_with_animation image_url=\"3182\" image_size=\"full\" animation_type=\"entrance\" animation=\"None\" animation_movement_type=\"transform_y\" hover_animation=\"none\" alignment=\"\" border_radius=\"20px\" box_shadow=\"small_depth\" image_loading=\"default\" max_width=\"100%\" max_width_mobile=\"default\" margin_top=\"150\"][\/vc_column][vc_column column_padding=\"no-extra-padding\" column_padding_tablet=\"inherit\" column_padding_phone=\"inherit\" column_padding_position=\"all\" column_element_direction_desktop=\"default\" column_element_spacing=\"default\" desktop_text_alignment=\"default\" tablet_text_alignment=\"default\" phone_text_alignment=\"default\" background_color_opacity=\"1\" background_hover_color_opacity=\"1\" column_backdrop_filter=\"none\" column_shadow=\"none\" column_border_radius=\"none\" column_link_target=\"_self\" column_position=\"default\" gradient_direction=\"left_to_right\" overlay_strength=\"0.3\" width=\"1\/2\" tablet_width_inherit=\"default\" animation_type=\"default\" bg_image_animation=\"none\" border_type=\"simple\" column_border_width=\"none\" column_border_style=\"solid\"][vc_column_text css=\"\" text_direction=\"default\"]\n<h2>Les <b>charmes du sud de la Martinique<\/b><\/h2>\n<p>&nbsp;<\/p>\n<p><span style=\"font-weight: 400;\">Le sud de la Martinique est plus touristique et offre une grande vari\u00e9t\u00e9 de plages de sable blanc, bord\u00e9es de cocotiers et baign\u00e9es par des eaux turquoise. C'est le lieu id\u00e9al pour se d\u00e9tendre, pratiquer des activit\u00e9s nautiques et d\u00e9couvrir la culture locale.<\/span><\/p>\n<p><span style=\"font-weight: 400;\">Parmi les sites \u00e0 ne pas manquer, vous entendrez parler des plages des <\/span><b>Anses d'Arlet<\/b><span style=\"font-weight: 400;\">, de <\/span><b>Sainte-Anne<\/b><span style=\"font-weight: 400;\"> et du <\/span><b>Diamant<\/b><span style=\"font-weight: 400;\">, ainsi que les villages pittoresques de <\/span><b>Trois-\u00celets<\/b><span style=\"font-weight: 400;\"> et <\/span><b>Sainte-Luce<\/b><span style=\"font-weight: 400;\">. Le sud abrite \u00e9galement de nombreuses distilleries de rhum, des march\u00e9s color\u00e9s et des restaurants proposant une cuisine locale savoureuse.<\/span><\/p>\n<p><span style=\"font-weight: 400;\">Cela dit, le sud peut \u00eatre plus fr\u00e9quent\u00e9, notamment en haute saison, et les prix des h\u00e9bergements y sont g\u00e9n\u00e9ralement plus \u00e9lev\u00e9s. Les routes y sont toutefois plus accessibles et mieux entretenues que dans le nord.<\/span>[\/vc_column_text][\/vc_column][\/vc_row][vc_row type=\"in_container\" full_screen_row_position=\"middle\" column_margin=\"default\" column_direction=\"default\" column_direction_tablet=\"default\" column_direction_phone=\"default\" scene_position=\"center\" text_color=\"dark\" text_align=\"left\" row_border_radius=\"none\" row_border_radius_applies=\"bg\" overflow=\"visible\" overlay_strength=\"0.3\" gradient_direction=\"left_to_right\" shape_divider_position=\"bottom\" bg_image_animation=\"none\"][vc_column column_padding=\"no-extra-padding\" column_padding_tablet=\"inherit\" column_padding_phone=\"inherit\" column_padding_position=\"all\" column_element_direction_desktop=\"default\" column_element_spacing=\"default\" desktop_text_alignment=\"default\" tablet_text_alignment=\"default\" phone_text_alignment=\"default\" background_color_opacity=\"1\" background_hover_color_opacity=\"1\" column_backdrop_filter=\"none\" column_shadow=\"none\" column_border_radius=\"none\" column_link_target=\"_self\" column_position=\"default\" gradient_direction=\"left_to_right\" overlay_strength=\"0.3\" width=\"1\/2\" tablet_width_inherit=\"default\" animation_type=\"default\" bg_image_animation=\"none\" border_type=\"simple\" column_border_width=\"none\" column_border_style=\"solid\"][vc_column_text css=\"\" text_direction=\"default\"]\n<h2>Carnet de bord \u2013 5 jours dans le nord de la Martinique<\/h2>\n<p data-start=\"0\" data-end=\"390\">\n<p data-start=\"0\" data-end=\"390\"><span style=\"font-weight: 400;\">Pour profiter pleinement de la diversit\u00e9 de la Martinique, nous vous conseillons de partager votre s\u00e9jour en deux parties :<\/span><\/p>\n<p data-start=\"0\" data-end=\"390\"><strong data-start=\"0\" data-end=\"30\">Jour 1 \u2013 Route de la Trace<\/strong><br data-start=\"30\" data-end=\"33\" \/>Vous baissez la vitre, la bruine parfum\u00e9e de foug\u00e8res vous fr\u00f4le ; le smartphone d\u00e9j\u00e0 en mode vid\u00e9o, vous captez le vol d\u2019un colibri avant de garer pr\u00e8s du Jardin de Balata. Maillot enfil\u00e9 \u00e0 l\u2019arri\u00e8re du v\u00e9hicule, vous plongez dans les gorges de la Falaise, puis terminez la journ\u00e9e \u00e0 Saint-Pierre, appareil photo braqu\u00e9 sur le soleil qui rougit la Pel\u00e9e.<\/p>\n<p data-start=\"392\" data-end=\"728\"><strong data-start=\"392\" data-end=\"423\">Jour 2 \u2013 Sommet de la Pel\u00e9e<\/strong><br data-start=\"423\" data-end=\"426\" \/>R\u00e9veil 5 h 30 : vous glissez vos croissants dans le sac, v\u00e9rifiez la m\u00e9t\u00e9o et attaquez le sentier lampe frontale au front. \u00c0 chaque palier, vous sortez la gourde, soufflez et capturez le panorama jusqu\u2019\u00e0 poser le thermos de caf\u00e9 au bord du crat\u00e8re, fier\u00b7e d\u2019avoir \u201cdompt\u00e9\u201d le volcan avant les nuages.<\/p>\n<p data-start=\"730\" data-end=\"1095\"><strong data-start=\"730\" data-end=\"769\">Jour 3 \u2013 Presqu\u2019\u00eele de la Caravelle<\/strong><br data-start=\"769\" data-end=\"772\" \/>Chaussures de trail serr\u00e9es, vous pointez le GPS vers la mangrove, filmez les crabes violonistes qui tambourinent, puis grimpez au phare pour poster votre story-360\u00b0 en direct. Snack grignot\u00e9 face au ch\u00e2teau Dubuc, vous terminez par une sieste improvis\u00e9e dans une crique translucide, carnet de bord couch\u00e9 sur vos genoux.<\/p>\n<p data-start=\"1097\" data-end=\"1480\"><strong data-start=\"1097\" data-end=\"1134\">Jour 4 \u2013 Anse Couleuvre &amp; cascade<\/strong><br data-start=\"1134\" data-end=\"1137\" \/>Vous enclenchez la premi\u00e8re, laissez l\u2019Allocar monter doucement la piste, puis \u00e9talez la serviette sur le sable noir encore ti\u00e8de. Palmes ajust\u00e9es, vous suivez une tortue verte curieuse avant de chausser de nouveau vos baskets ; la marche jusqu\u2019\u00e0 la cascade Couleuvre se fait appareil photo au poing, pr\u00eat\u00b7e \u00e0 figer chaque goutte d\u2019\u00e9meraude.<\/p>\n<p data-start=\"1482\" data-end=\"2000\" data-is-last-node=\"\" data-is-only-node=\"\"><strong data-start=\"1482\" data-end=\"1523\">Jour 5 \u2013 Rhum, dauphins et cap au sud<\/strong><br data-start=\"1523\" data-end=\"1526\" \/>Verre de d\u00e9gustation \u00e0 la main, vous humez un Depaz XO, glissez une bouteille souvenir dans le coffre et sautez dans le zodiac ; quand les dauphins filent sous la proue, vous d\u00e9clenchez le mode rafale. Le moteur de votre <a class=\"\" href=\"https:\/\/allocar-martinique.fr\/fr\/categorie-suv\/\" target=\"_new\" rel=\"noopener\" data-start=\"1747\" data-end=\"1809\">SUV Allocar<\/a> ronronne enfin vers les plages du sud : clim r\u00e9gl\u00e9e, playlist lanc\u00e9e, vous savourez la libert\u00e9 offerte par la r\u00e9servation express sur <a class=\"\" href=\"https:\/\/allocar-martinique.fr\/en\/\" target=\"_new\" rel=\"noopener\" data-start=\"1944\" data-end=\"1999\">Allocar Martinique<\/a>.<\/p>\n[\/vc_column_text][\/vc_column][vc_column column_padding=\"no-extra-padding\" column_padding_tablet=\"inherit\" column_padding_phone=\"inherit\" column_padding_position=\"all\" column_element_direction_desktop=\"default\" column_element_spacing=\"default\" desktop_text_alignment=\"default\" tablet_text_alignment=\"default\" phone_text_alignment=\"default\" background_color_opacity=\"1\" background_hover_color_opacity=\"1\" column_backdrop_filter=\"none\" column_shadow=\"none\" column_border_radius=\"none\" column_link_target=\"_self\" column_position=\"default\" gradient_direction=\"left_to_right\" overlay_strength=\"0.3\" width=\"1\/2\" tablet_width_inherit=\"default\" animation_type=\"default\" bg_image_animation=\"none\" border_type=\"simple\" column_border_width=\"none\" column_border_style=\"solid\"][image_with_animation image_url=\"3220\" image_size=\"full\" animation_type=\"entrance\" animation=\"None\" animation_movement_type=\"transform_y\" hover_animation=\"none\" alignment=\"\" border_radius=\"20px\" box_shadow=\"small_depth\" image_loading=\"default\" max_width=\"100%\" max_width_mobile=\"default\" margin_top=\"130\"][image_with_animation image_url=\"3184\" image_size=\"full\" animation_type=\"entrance\" animation=\"None\" animation_movement_type=\"transform_y\" hover_animation=\"none\" alignment=\"\" border_radius=\"20px\" box_shadow=\"small_depth\" image_loading=\"default\" max_width=\"100%\" max_width_mobile=\"default\" margin_top=\"80\"][\/vc_column][\/vc_row][vc_row type=\"in_container\" full_screen_row_position=\"middle\" column_margin=\"default\" column_direction=\"default\" column_direction_tablet=\"column_reverse\" column_direction_phone=\"default\" scene_position=\"center\" text_color=\"dark\" text_align=\"left\" row_border_radius=\"none\" row_border_radius_applies=\"bg\" overflow=\"visible\" overlay_strength=\"0.3\" gradient_direction=\"left_to_right\" shape_divider_position=\"bottom\" bg_image_animation=\"none\" gradient_type=\"default\" shape_type=\"\"][vc_column column_padding=\"no-extra-padding\" column_padding_tablet=\"inherit\" column_padding_phone=\"inherit\" column_padding_position=\"all\" column_element_direction_desktop=\"default\" column_element_spacing=\"default\" desktop_text_alignment=\"default\" tablet_text_alignment=\"default\" phone_text_alignment=\"default\" background_color_opacity=\"1\" background_hover_color_opacity=\"1\" column_backdrop_filter=\"none\" column_shadow=\"none\" column_border_radius=\"none\" column_link_target=\"_self\" column_position=\"default\" gradient_direction=\"left_to_right\" overlay_strength=\"0.3\" width=\"1\/2\" tablet_width_inherit=\"default\" animation_type=\"default\" bg_image_animation=\"none\" border_type=\"simple\" column_border_width=\"none\" column_border_style=\"solid\"][image_with_animation image_url=\"3186\" image_size=\"full\" animation_type=\"entrance\" animation=\"None\" animation_movement_type=\"transform_y\" hover_animation=\"none\" alignment=\"\" border_radius=\"20px\" box_shadow=\"small_depth\" image_loading=\"default\" max_width=\"100%\" max_width_mobile=\"default\" margin_top=\"160\"][image_with_animation image_url=\"3218\" image_size=\"full\" animation_type=\"entrance\" animation=\"None\" animation_movement_type=\"transform_y\" hover_animation=\"none\" alignment=\"\" border_radius=\"20px\" box_shadow=\"small_depth\" image_loading=\"default\" max_width=\"100%\" max_width_mobile=\"default\" margin_top=\"100\"][\/vc_column][vc_column column_padding=\"no-extra-padding\" column_padding_tablet=\"inherit\" column_padding_phone=\"inherit\" column_padding_position=\"all\" column_element_direction_desktop=\"default\" column_element_spacing=\"default\" desktop_text_alignment=\"default\" tablet_text_alignment=\"default\" phone_text_alignment=\"default\" background_color_opacity=\"1\" background_hover_color_opacity=\"1\" column_backdrop_filter=\"none\" column_shadow=\"none\" column_border_radius=\"none\" column_link_target=\"_self\" column_position=\"default\" gradient_direction=\"left_to_right\" overlay_strength=\"0.3\" width=\"1\/2\" tablet_width_inherit=\"default\" animation_type=\"default\" bg_image_animation=\"none\" border_type=\"simple\" column_border_width=\"none\" column_border_style=\"solid\"][vc_column_text css=\"\" text_direction=\"default\"]\n<h2>Carnet de bord \u2013 5 jours dans le sud de la Martinique<\/h2>\n<p>&nbsp;<\/p>\n<article class=\"text-token-text-primary w-full\" dir=\"auto\" data-testid=\"conversation-turn-14\" data-scroll-anchor=\"true\">\n<div class=\"text-base my-auto mx-auto py-5 [--thread-content-margin:--spacing(4)] @[37rem]:[--thread-content-margin:--spacing(6)] @[72rem]:[--thread-content-margin:--spacing(16)] px-(--thread-content-margin)\">\n<div class=\"[--thread-content-max-width:32rem] @[34rem]:[--thread-content-max-width:40rem] @[64rem]:[--thread-content-max-width:48rem] mx-auto flex max-w-(--thread-content-max-width) flex-1 text-base gap-4 md:gap-5 lg:gap-6 group\/turn-messages focus-visible:outline-hidden\" tabindex=\"-1\">\n<div class=\"group\/conversation-turn relative flex w-full min-w-0 flex-col agent-turn\">\n<div class=\"relative flex-col gap-1 md:gap-3\">\n<div class=\"flex max-w-full flex-col grow\">\n<div class=\"min-h-8 text-message relative flex w-full flex-col items-end gap-2 text-start break-words whitespace-normal [.text-message+&amp;]:mt-5\" dir=\"auto\" data-message-author-role=\"assistant\" data-message-id=\"12b26bc3-bca3-48b2-9979-ecf470276f72\" data-message-model-slug=\"o3\">\n<div class=\"flex w-full flex-col gap-1 empty:hidden first:pt-[3px]\">\n<div class=\"markdown prose dark:prose-invert w-full break-words dark\">\n<p data-start=\"0\" data-end=\"442\"><strong data-start=\"0\" data-end=\"44\">Jour 6 \u2013 Anses d\u2019Arlet, bleu translucide<\/strong><br data-start=\"44\" data-end=\"47\" \/>Vous guettez la mer du ponton : palmes aux chevilles, vous glissez sous l\u2019eau et une tortue verte appara\u00eet d\u00e8s les premiers coups de palmes. De retour sur le sable, vous savourez une langouste grill\u00e9e, doigts encore sal\u00e9s, tandis que les p\u00eacheurs tirent leurs yoles multicolores. Le soir, vous laissez vos masques s\u00e9cher sur le balcon, savourant la promesse d\u2019un lendemain encore plus sauvage.<\/p>\n<p data-start=\"444\" data-end=\"972\"><strong data-start=\"444\" data-end=\"503\">Jour 7 \u2013 Trace des Caps, cartes postales \u00e0 perte de vue<\/strong><br data-start=\"503\" data-end=\"506\" \/>Chaussures l\u00e9g\u00e8res, vous choisissez le tron\u00e7on Anse Trabaud \u2192 Salines ; l\u2019oc\u00e9an charrie des embruns pendant que les cactus pars\u00e8ment la Savane des P\u00e9trifications. Chaque anse d\u00e9serte vous tente pour un bain \u00e9clair, mais vous tenez le cap jusqu\u2019aux Salines o\u00f9 le sable farineux c\u00e8de sous vos pas. Votre <a class=\"\" href=\"https:\/\/allocar-martinique.fr\/fr\/categorie-citadine\/\" target=\"_new\" rel=\"noopener\" data-start=\"808\" data-end=\"880\">citadine Allocar<\/a> vous attend \u00e0 l\u2019ombre des raisiniers : facile \u00e0 garer, id\u00e9ale pour ces haltes en cascade.<\/p>\n<p data-start=\"974\" data-end=\"1372\"><strong data-start=\"974\" data-end=\"1023\">Jour 8 \u2013 Diamant, entre g\u00e9ologie et farniente<\/strong><br data-start=\"1023\" data-end=\"1026\" \/>\u00c0 l\u2019aube, vous grimpez le Morne Larcher ; au sommet, le Rocher du Diamant surgit de la brume et votre story Instagram explose de likes. Descente express vers le m\u00e9morial Cap 110, \u00e9mouvant silence face aux sculptures tourn\u00e9es vers l\u2019Afrique. L\u2019apr\u00e8s-midi, soleil en apesanteur sur Petite Anse : masque, sieste, sorbet coco \u2014 la recette parfaite.<\/p>\n<p data-start=\"1374\" data-end=\"1902\"><strong data-start=\"1374\" data-end=\"1433\">Jour 9 \u2013 Trois-\u00celets &amp; Fort-de-France, immersion cr\u00e9ole<\/strong><br data-start=\"1433\" data-end=\"1436\" \/>Votre billet en poche, vous visitez la Maison de la Pagerie puis la Savane des Esclaves, histoire de sentir battre le pass\u00e9 derri\u00e8re les cases. Embarquement sur la vedette pour Fort-de-France : la baie miroite, vous sirotez un ti-punch au march\u00e9 couvert, panier d\u2019\u00e9pices sous le bras. Le retour se fait en mode playlist zouk, la clim douce de la <a class=\"\" href=\"https:\/\/allocar-martinique.fr\/fr\/categorie-familiale\/\" target=\"_new\" rel=\"noopener\" data-start=\"1782\" data-end=\"1856\">familiale Allocar<\/a> couvrant les rires des enfants \u00e0 l\u2019arri\u00e8re.<\/p>\n<p data-start=\"1904\" data-end=\"2357\" data-is-last-node=\"\" data-is-only-node=\"\"><strong data-start=\"1904\" data-end=\"1949\">Jour 10 \u2013 Salines \u00e0 l\u2019aube &amp; rhum d\u2019adieu<\/strong><br data-start=\"1949\" data-end=\"1952\" \/>Vous posez la serviette avant le soleil ; ciel rose, cocotiers pench\u00e9s, dernier plongeon \u00e0 l\u2019heure o\u00f9 l\u2019\u00eele b\u00e2ille encore. Sur la route de l\u2019a\u00e9roport, vous fl\u00e2nez \u00e0 l\u2019Habitation Cl\u00e9ment : chais parfum\u00e9s de vanille, valise alourdie d\u2019un mill\u00e9sime souvenir. \u00c0 l\u2019agence Allocar de l\u2019a\u00e9rogare, vous rendez les cl\u00e9s avec un sourire : 10 jours de libert\u00e9 carburant aux plages, sentiers\u2026 et moteurs bien choisis.<\/p>\n<p><span style=\"font-weight: 400;\">Ce circuit vous permettra d'appr\u00e9cier les contrastes entre les deux r\u00e9gions et de vivre une exp\u00e9rience compl\u00e8te de l'\u00eele.<\/span><\/div>\n<\/div>\n<\/div>\n<\/div>\n<\/div>\n<\/div>\n<\/div>\n<\/div>\n<\/article>\n[\/vc_column_text][\/vc_column][\/vc_row][vc_row type=\"in_container\" full_screen_row_position=\"middle\" column_margin=\"default\" column_direction=\"default\" column_direction_tablet=\"default\" column_direction_phone=\"default\" scene_position=\"center\" text_color=\"dark\" text_align=\"left\" row_border_radius=\"none\" row_border_radius_applies=\"bg\" overflow=\"visible\" overlay_strength=\"0.3\" gradient_direction=\"left_to_right\" shape_divider_position=\"bottom\" bg_image_animation=\"none\"][vc_column column_padding=\"no-extra-padding\" column_padding_tablet=\"inherit\" column_padding_phone=\"inherit\" column_padding_position=\"all\" column_element_direction_desktop=\"default\" column_element_spacing=\"default\" desktop_text_alignment=\"default\" tablet_text_alignment=\"default\" phone_text_alignment=\"default\" background_color_opacity=\"1\" background_hover_color_opacity=\"1\" column_backdrop_filter=\"none\" column_shadow=\"none\" column_border_radius=\"none\" column_link_target=\"_self\" column_position=\"default\" gradient_direction=\"left_to_right\" overlay_strength=\"0.3\" width=\"1\/2\" tablet_width_inherit=\"default\" animation_type=\"default\" bg_image_animation=\"none\" border_type=\"simple\" column_border_width=\"none\" column_border_style=\"solid\"][vc_column_text css=\"\" text_direction=\"default\"]\n<h2><b>Quel type de voiture louer pour ce s\u00e9jour ?<\/b><\/h2>\n<p>&nbsp;<\/p>\n<p><span style=\"font-weight: 400;\">Le choix du v\u00e9hicule est crucial pour un road trip en Martinique. Pour un itin\u00e9raire combinant le nord et le sud, un <\/span><b>SUV<\/b><span style=\"font-weight: 400;\"> est recommand\u00e9. Sa garde au sol \u00e9lev\u00e9e et sa robustesse sont adapt\u00e9es aux routes sinueuses et parfois accident\u00e9es du nord, tandis qu'il offre un confort appr\u00e9ciable pour les trajets dans le sud.<\/span><\/p>\n<p><span style=\"font-weight: 400;\">Si vous voyagez en couple ou en petit groupe et que vous pr\u00e9voyez de rester principalement dans le sud, une <\/span><b>citadine<\/b><span style=\"font-weight: 400;\"> peut suffire. Elle est plus \u00e9conomique et facile \u00e0 man\u0153uvrer dans les zones urbaines.<\/span><\/p>\n<p><span style=\"font-weight: 400;\">Chez <\/span><b>Allocar Martinique<\/b><span style=\"font-weight: 400;\">, nous proposons une gamme vari\u00e9e de v\u00e9hicules adapt\u00e9s \u00e0 tous les types de s\u00e9jours. N'h\u00e9sitez pas \u00e0 consulter notre parc automobile pour trouver le mod\u00e8le qui correspond \u00e0 vos besoins.<\/span><\/p>\n<p>&nbsp;<\/p>\n<h2>Nos c<b>onseils pratiques pour une location r\u00e9ussie<\/b><\/h2>\n<p>&nbsp;<\/p>\n<ul>\n<li><b>R\u00e9servez votre v\u00e9hicule \u00e0 l'avance<\/b><span style=\"font-weight: 400;\">, surtout en haute saison, pour b\u00e9n\u00e9ficier des meilleurs tarifs et garantir la disponibilit\u00e9 du mod\u00e8le souhait\u00e9.<\/span><\/li>\n<li><b>V\u00e9rifiez les options propos\u00e9es<\/b><span style=\"font-weight: 400;\"> : GPS, si\u00e8ge b\u00e9b\u00e9, etc.<\/span><\/li>\n<li><b>Optez pour une assurance compl\u00e8te<\/b><span style=\"font-weight: 400;\"> pour rouler en toute s\u00e9r\u00e9nit\u00e9, m\u00eame sur les routes les plus recul\u00e9es.<\/span><\/li>\n<li><b>Informez-vous sur les conditions de conduite locales<\/b><span style=\"font-weight: 400;\"> : limitations de vitesse, \u00e9tat des routes, etc.<\/span><\/li>\n<\/ul>\n<p><span style=\"font-weight: 400;\">En suivant ces conseils, vous pourrez profiter pleinement de votre s\u00e9jour en Martinique, en toute libert\u00e9 et en toute s\u00e9curit\u00e9.<\/span><\/p>\n<p><span style=\"font-weight: 400;\">Pour plus d'informations et pour r\u00e9server votre v\u00e9hicule, rendez-vous sur notre <a href=\"https:\/\/allocar-martinique.fr\/\">page d'accueil<\/a>.<\/span>[\/vc_column_text][\/vc_column][vc_column column_padding=\"no-extra-padding\" column_padding_tablet=\"inherit\" column_padding_phone=\"inherit\" column_padding_position=\"all\" column_element_direction_desktop=\"default\" column_element_spacing=\"default\" desktop_text_alignment=\"default\" tablet_text_alignment=\"default\" phone_text_alignment=\"default\" background_color_opacity=\"1\" background_hover_color_opacity=\"1\" column_backdrop_filter=\"none\" column_shadow=\"none\" column_border_radius=\"none\" column_link_target=\"_self\" column_position=\"default\" gradient_direction=\"left_to_right\" overlay_strength=\"0.3\" width=\"1\/2\" tablet_width_inherit=\"default\" animation_type=\"default\" bg_image_animation=\"none\" border_type=\"simple\" column_border_width=\"none\" column_border_style=\"solid\"][image_with_animation image_url=\"3230\" image_size=\"full\" animation_type=\"entrance\" animation=\"None\" animation_movement_type=\"transform_y\" hover_animation=\"none\" alignment=\"\" border_radius=\"20px\" box_shadow=\"small_depth\" image_loading=\"default\" max_width=\"100%\" max_width_mobile=\"default\" margin_top=\"250\"][nectar_btn size=\"jumbo\" button_style=\"regular\" button_color_2=\"Accent-Color\" icon_family=\"none\" text=\"Louer une voiture \u00e0 partir de 29 \u20ac\" url=\"https:\/\/allocar-martinique.fr\/fr\/categorie-citadine\/\" margin_top=\"50\"][\/vc_column][\/vc_row]\n","protected":false},"excerpt":{"rendered":"<p>[vc_row type=\"in_container\" full_screen_row_position=\"middle\" column_margin=\"default\" column_direction=\"default\" column_direction_tablet=\"default\" column_direction_phone=\"default\" scene_position=\"center\" text_color=\"dark\" text_align=\"left\" row_border_radius=\"none\" row_border_radius_applies=\"bg\" overflow=\"visible\" overlay_strength=\"0.3\" gradient_direction=\"left_to_right\" shape_divider_position=\"bottom\" bg_image_animation=\"none\"][vc_column column_padding=\"no-extra-padding\" column_padding_tablet=\"inherit\" column_padding_phone=\"inherit\" column_padding_position=\"all\" column_element_direction_desktop=\"default\" column_element_spacing=\"default\" desktop_text_alignment=\"default\" tablet_text_alignment=\"default\" phone_text_alignment=\"default\" background_color_opacity=\"1\" background_hover_color_opacity=\"1\" column_backdrop_filter=\"none\" column_shadow=\"none\"...<\/p>\n","protected":false},"author":1,"featured_media":3178,"comment_status":"closed","ping_status":"closed","sticky":false,"template":"","format":"standard","meta":{"inline_featured_image":false,"footnotes":""},"categories":[187],"tags":[],"class_list":{"0":"post-3211","1":"post","2":"type-post","3":"status-publish","4":"format-standard","5":"has-post-thumbnail","7":"category-destinations-populaires-en-martinique-en"},"yoast_head":"<!-- This site is optimized with the Yoast SEO plugin v27.5 - https:\/\/yoast.com\/product\/yoast-seo-wordpress\/ -->\n<title>Martinique in 10 Days \u2013 North and South Itinerary by Car<\/title>\n<meta name=\"description\" content=\"Allocar offers a daily roadbook blending volcanoes, turquoise beaches and Creole villages so you can explore Martinique with total freedom.\" \/>\n<meta name=\"robots\" content=\"index, follow, max-snippet:-1, max-image-preview:large, max-video-preview:-1\" \/>\n<link rel=\"canonical\" href=\"https:\/\/allocar-martinique.fr\/en\/what-is-the-most-beautiful-part-of-martinique\/\" \/>\n<meta property=\"og:locale\" content=\"en_US\" \/>\n<meta property=\"og:type\" content=\"article\" \/>\n<meta property=\"og:title\" content=\"Martinique in 10 Days \u2013 North and South Itinerary by Car\" \/>\n<meta property=\"og:description\" content=\"Allocar offers a daily roadbook blending volcanoes, turquoise beaches and Creole villages so you can explore Martinique with total freedom.\" \/>\n<meta property=\"og:url\" content=\"https:\/\/allocar-martinique.fr\/en\/what-is-the-most-beautiful-part-of-martinique\/\" \/>\n<meta property=\"og:site_name\" content=\"AlloCar Martinique\" \/>\n<meta property=\"article:publisher\" content=\"https:\/\/www.facebook.com\/allocarmartinique\" \/>\n<meta property=\"article:published_time\" content=\"2025-05-29T20:48:03+00:00\" \/>\n<meta property=\"og:image\" content=\"https:\/\/allocar-martinique.fr\/wp-content\/uploads\/2025\/05\/AdobeStock_241013633-1-1-1.jpeg\" \/>\n\t<meta property=\"og:image:width\" content=\"1170\" \/>\n\t<meta property=\"og:image:height\" content=\"653\" \/>\n\t<meta property=\"og:image:type\" content=\"image\/jpeg\" \/>\n<meta name=\"author\" content=\"novazeo\" \/>\n<meta name=\"twitter:card\" content=\"summary_large_image\" \/>\n<meta name=\"twitter:label1\" content=\"Written by\" \/>\n\t<meta name=\"twitter:data1\" content=\"novazeo\" \/>\n\t<meta name=\"twitter:label2\" content=\"Est. reading time\" \/>\n\t<meta name=\"twitter:data2\" content=\"9 minutes\" \/>\n<!-- \/ Yoast SEO plugin. -->","yoast_head_json":{"title":"Martinique in 10 Days \u2013 North and South Itinerary by Car","description":"Allocar offers a daily roadbook blending volcanoes, turquoise beaches and Creole villages so you can explore Martinique with total freedom.","robots":{"index":"index","follow":"follow","max-snippet":"max-snippet:-1","max-image-preview":"max-image-preview:large","max-video-preview":"max-video-preview:-1"},"canonical":"https:\/\/allocar-martinique.fr\/en\/what-is-the-most-beautiful-part-of-martinique\/","og_locale":"en_US","og_type":"article","og_title":"Martinique in 10 Days \u2013 North and South Itinerary by Car","og_description":"Allocar offers a daily roadbook blending volcanoes, turquoise beaches and Creole villages so you can explore Martinique with total freedom.","og_url":"https:\/\/allocar-martinique.fr\/en\/what-is-the-most-beautiful-part-of-martinique\/","og_site_name":"AlloCar Martinique","article_publisher":"https:\/\/www.facebook.com\/allocarmartinique","article_published_time":"2025-05-29T20:48:03+00:00","og_image":[{"width":1170,"height":653,"url":"https:\/\/allocar-martinique.fr\/wp-content\/uploads\/2025\/05\/AdobeStock_241013633-1-1-1.jpeg","type":"image\/jpeg"}],"author":"novazeo","twitter_card":"summary_large_image","twitter_misc":{"Written by":"novazeo","Est. reading time":"9 minutes"},"schema":{"@context":"https:\/\/schema.org","@graph":[{"@type":"Article","@id":"https:\/\/allocar-martinique.fr\/en\/what-is-the-most-beautiful-part-of-martinique\/#article","isPartOf":{"@id":"https:\/\/allocar-martinique.fr\/en\/what-is-the-most-beautiful-part-of-martinique\/"},"author":{"name":"novazeo","@id":"https:\/\/allocar-martinique.fr\/en\/#\/schema\/person\/c6f8b0cde7daf1d891c203db113ca791"},"headline":"What Is the Most Beautiful Part of Martinique?","datePublished":"2025-05-29T20:48:03+00:00","mainEntityOfPage":{"@id":"https:\/\/allocar-martinique.fr\/en\/what-is-the-most-beautiful-part-of-martinique\/"},"wordCount":3303,"publisher":{"@id":"https:\/\/allocar-martinique.fr\/en\/#organization"},"image":{"@id":"https:\/\/allocar-martinique.fr\/en\/what-is-the-most-beautiful-part-of-martinique\/#primaryimage"},"thumbnailUrl":"https:\/\/allocar-martinique.fr\/wp-content\/uploads\/2025\/05\/AdobeStock_241013633-1-1-1.jpeg","articleSection":["Popular destinations in Martinique"],"inLanguage":"en-US"},{"@type":"WebPage","@id":"https:\/\/allocar-martinique.fr\/en\/what-is-the-most-beautiful-part-of-martinique\/","url":"https:\/\/allocar-martinique.fr\/en\/what-is-the-most-beautiful-part-of-martinique\/","name":"Martinique in 10 Days \u2013 North and South Itinerary by Car","isPartOf":{"@id":"https:\/\/allocar-martinique.fr\/en\/#website"},"primaryImageOfPage":{"@id":"https:\/\/allocar-martinique.fr\/en\/what-is-the-most-beautiful-part-of-martinique\/#primaryimage"},"image":{"@id":"https:\/\/allocar-martinique.fr\/en\/what-is-the-most-beautiful-part-of-martinique\/#primaryimage"},"thumbnailUrl":"https:\/\/allocar-martinique.fr\/wp-content\/uploads\/2025\/05\/AdobeStock_241013633-1-1-1.jpeg","datePublished":"2025-05-29T20:48:03+00:00","description":"Allocar offers a daily roadbook blending volcanoes, turquoise beaches and Creole villages so you can explore Martinique with total freedom.","breadcrumb":{"@id":"https:\/\/allocar-martinique.fr\/en\/what-is-the-most-beautiful-part-of-martinique\/#breadcrumb"},"inLanguage":"en-US","potentialAction":[{"@type":"ReadAction","target":["https:\/\/allocar-martinique.fr\/en\/what-is-the-most-beautiful-part-of-martinique\/"]}]},{"@type":"ImageObject","inLanguage":"en-US","@id":"https:\/\/allocar-martinique.fr\/en\/what-is-the-most-beautiful-part-of-martinique\/#primaryimage","url":"https:\/\/allocar-martinique.fr\/wp-content\/uploads\/2025\/05\/AdobeStock_241013633-1-1-1.jpeg","contentUrl":"https:\/\/allocar-martinique.fr\/wp-content\/uploads\/2025\/05\/AdobeStock_241013633-1-1-1.jpeg","width":1170,"height":653},{"@type":"BreadcrumbList","@id":"https:\/\/allocar-martinique.fr\/en\/what-is-the-most-beautiful-part-of-martinique\/#breadcrumb","itemListElement":[{"@type":"ListItem","position":1,"name":"Home","item":"https:\/\/allocar-martinique.fr\/en\/"},{"@type":"ListItem","position":2,"name":"What Is the Most Beautiful Part of Martinique?"}]},{"@type":"WebSite","@id":"https:\/\/allocar-martinique.fr\/en\/#website","url":"https:\/\/allocar-martinique.fr\/en\/","name":"AlloCar Martinique","description":"","publisher":{"@id":"https:\/\/allocar-martinique.fr\/en\/#organization"},"potentialAction":[{"@type":"SearchAction","target":{"@type":"EntryPoint","urlTemplate":"https:\/\/allocar-martinique.fr\/en\/?s={search_term_string}"},"query-input":{"@type":"PropertyValueSpecification","valueRequired":true,"valueName":"search_term_string"}}],"inLanguage":"en-US"},{"@type":"Organization","@id":"https:\/\/allocar-martinique.fr\/en\/#organization","name":"AlloCar Martinique","url":"https:\/\/allocar-martinique.fr\/en\/","logo":{"@type":"ImageObject","inLanguage":"en-US","@id":"https:\/\/allocar-martinique.fr\/en\/#\/schema\/logo\/image\/","url":"https:\/\/allocar-martinique.fr\/wp-content\/uploads\/2024\/08\/LOGO-ALLOCAR-MARTINIQUE.svg","contentUrl":"https:\/\/allocar-martinique.fr\/wp-content\/uploads\/2024\/08\/LOGO-ALLOCAR-MARTINIQUE.svg","width":130,"height":66,"caption":"AlloCar Martinique"},"image":{"@id":"https:\/\/allocar-martinique.fr\/en\/#\/schema\/logo\/image\/"},"sameAs":["https:\/\/www.facebook.com\/allocarmartinique","https:\/\/www.instagram.com\/allocarmartinique\/"]},{"@type":"Person","@id":"https:\/\/allocar-martinique.fr\/en\/#\/schema\/person\/c6f8b0cde7daf1d891c203db113ca791","name":"novazeo","sameAs":["http:\/\/allocar-martinique.fr"]}]}},"_links":{"self":[{"href":"https:\/\/allocar-martinique.fr\/en\/wp-json\/wp\/v2\/posts\/3211","targetHints":{"allow":["GET"]}}],"collection":[{"href":"https:\/\/allocar-martinique.fr\/en\/wp-json\/wp\/v2\/posts"}],"about":[{"href":"https:\/\/allocar-martinique.fr\/en\/wp-json\/wp\/v2\/types\/post"}],"author":[{"embeddable":true,"href":"https:\/\/allocar-martinique.fr\/en\/wp-json\/wp\/v2\/users\/1"}],"replies":[{"embeddable":true,"href":"https:\/\/allocar-martinique.fr\/en\/wp-json\/wp\/v2\/comments?post=3211"}],"version-history":[{"count":10,"href":"https:\/\/allocar-martinique.fr\/en\/wp-json\/wp\/v2\/posts\/3211\/revisions"}],"predecessor-version":[{"id":3234,"href":"https:\/\/allocar-martinique.fr\/en\/wp-json\/wp\/v2\/posts\/3211\/revisions\/3234"}],"wp:featuredmedia":[{"embeddable":true,"href":"https:\/\/allocar-martinique.fr\/en\/wp-json\/wp\/v2\/media\/3178"}],"wp:attachment":[{"href":"https:\/\/allocar-martinique.fr\/en\/wp-json\/wp\/v2\/media?parent=3211"}],"wp:term":[{"taxonomy":"category","embeddable":true,"href":"https:\/\/allocar-martinique.fr\/en\/wp-json\/wp\/v2\/categories?post=3211"},{"taxonomy":"post_tag","embeddable":true,"href":"https:\/\/allocar-martinique.fr\/en\/wp-json\/wp\/v2\/tags?post=3211"}],"curies":[{"name":"wp","href":"https:\/\/api.w.org\/{rel}","templated":true}]}}