{"id":3173,"date":"2025-05-29T16:47:53","date_gmt":"2025-05-29T20:47:53","guid":{"rendered":"https:\/\/allocar-martinique.fr\/?p=3173"},"modified":"2025-05-29T16:47:53","modified_gmt":"2025-05-29T20:47:53","slug":"quelle-est-la-plus-belle-partie-de-martinique","status":"publish","type":"post","link":"https:\/\/allocar-martinique.fr\/fr\/quelle-est-la-plus-belle-partie-de-martinique\/","title":{"rendered":"Quelle est la plus belle partie de Martinique ?"},"content":{"rendered":"[vc_row type=\"in_container\" full_screen_row_position=\"middle\" column_margin=\"default\" column_direction=\"default\" column_direction_tablet=\"default\" column_direction_phone=\"default\" scene_position=\"center\" text_color=\"dark\" text_align=\"left\" row_border_radius=\"none\" row_border_radius_applies=\"bg\" overflow=\"visible\" overlay_strength=\"0.3\" gradient_direction=\"left_to_right\" shape_divider_position=\"bottom\" bg_image_animation=\"none\"][vc_column column_padding=\"no-extra-padding\" column_padding_tablet=\"inherit\" column_padding_phone=\"inherit\" column_padding_position=\"all\" column_element_direction_desktop=\"default\" column_element_spacing=\"default\" desktop_text_alignment=\"default\" tablet_text_alignment=\"default\" phone_text_alignment=\"default\" background_color_opacity=\"1\" background_hover_color_opacity=\"1\" column_backdrop_filter=\"none\" column_shadow=\"none\" column_border_radius=\"none\" column_link_target=\"_self\" column_position=\"default\" gradient_direction=\"left_to_right\" overlay_strength=\"0.3\" width=\"1\/1\" tablet_width_inherit=\"default\" animation_type=\"default\" bg_image_animation=\"none\" border_type=\"simple\" column_border_width=\"none\" column_border_style=\"solid\"][vc_column_text css=\"\" text_direction=\"default\"]<b>Faut-il privil\u00e9gier le nord ou le sud de l'\u00eele pour un s\u00e9jour de 10 jours ?<\/b><span style=\"font-weight: 400;\"> Et <a href=\"https:\/\/allocar-martinique.fr\/fr\/nos-vehicules\/\">quel type de v\u00e9hicule<\/a> est le plus adapt\u00e9 pour explorer ces deux r\u00e9gions aux caract\u00e8res bien distincts ?\u00a0<\/span><\/p>\n<p><span style=\"font-weight: 400;\">La Martinique, surnomm\u00e9e l'\u00eele aux fleurs, offre une diversit\u00e9 de paysages et d'activit\u00e9s qui s\u00e9duisent les voyageurs en qu\u00eate de nature, de culture et de d\u00e9tente. Dans cet article, nous vous proposons un guide pratique pour vous aider \u00e0 organiser votre voyage en Martinique, en alternant entre le nord et le sud, et en choisissant <a href=\"https:\/\/allocar-martinique.fr\/fr\/location-suv-citadine-martinique\/\">le v\u00e9hicule id\u00e9al pour votre itin\u00e9raire<\/a>.<\/span>[\/vc_column_text][\/vc_column][\/vc_row][vc_row type=\"in_container\" full_screen_row_position=\"middle\" column_margin=\"default\" column_direction=\"default\" column_direction_tablet=\"default\" column_direction_phone=\"default\" scene_position=\"center\" text_color=\"dark\" text_align=\"left\" row_border_radius=\"none\" row_border_radius_applies=\"bg\" overflow=\"visible\" overlay_strength=\"0.3\" gradient_direction=\"left_to_right\" shape_divider_position=\"bottom\" bg_image_animation=\"none\"][vc_column column_padding=\"no-extra-padding\" column_padding_tablet=\"inherit\" column_padding_phone=\"inherit\" column_padding_position=\"all\" column_element_direction_desktop=\"default\" column_element_spacing=\"default\" desktop_text_alignment=\"default\" tablet_text_alignment=\"default\" phone_text_alignment=\"default\" background_color_opacity=\"1\" background_hover_color_opacity=\"1\" column_backdrop_filter=\"none\" column_shadow=\"none\" column_border_radius=\"none\" column_link_target=\"_self\" column_position=\"default\" gradient_direction=\"left_to_right\" overlay_strength=\"0.3\" width=\"1\/2\" tablet_width_inherit=\"default\" animation_type=\"default\" bg_image_animation=\"none\" border_type=\"simple\" column_border_width=\"none\" column_border_style=\"solid\"][vc_column_text css=\"\" text_direction=\"default\"]\n<h2><b>Les atouts du nord de la Martinique<\/b><\/h2>\n<p>&nbsp;<\/p>\n<p><span style=\"font-weight: 400;\">Le nord de la Martinique est r\u00e9put\u00e9 pour sa nature dense, ses mornes verdoyants et ses plages de sable noir. C'est une r\u00e9gion id\u00e9ale pour les amateurs de randonn\u00e9es, de d\u00e9couvertes culturelles et de paysages sauvages.<\/span><\/p>\n<p><span style=\"font-weight: 400;\">Parmi les sites incontournables, on peut citer la <\/span><b>Montagne Pel\u00e9e<\/b><span style=\"font-weight: 400;\">, volcan embl\u00e9matique de l'\u00eele, dont l'ascension offre des panoramas spectaculaires. La ville de <\/span><b>Saint-Pierre<\/b><span style=\"font-weight: 400;\">, ancienne capitale d\u00e9truite par l'\u00e9ruption de 1902, t\u00e9moigne de l'histoire tragique de la r\u00e9gion. La <\/span><b>Presqu'\u00eele de la Caravelle<\/b><span style=\"font-weight: 400;\"> et la <\/span><b>Route de la Trace<\/b><span style=\"font-weight: 400;\"> offrent \u00e9galement des balades inoubliables \u00e0 travers la for\u00eat tropicale.<\/span><\/p>\n<p><span style=\"font-weight: 400;\">Cependant, le nord pr\u00e9sente aussi quelques inconv\u00e9nients : les routes y sont souvent sinueuses et \u00e9troites, ce qui peut rendre la conduite plus difficile, surtout en saison de pluies. De plus, les h\u00e9bergements y sont moins nombreux et plus dispers\u00e9s que dans le sud.<\/span>[\/vc_column_text][\/vc_column][vc_column column_padding=\"no-extra-padding\" column_padding_tablet=\"inherit\" column_padding_phone=\"inherit\" column_padding_position=\"all\" column_element_direction_desktop=\"default\" column_element_spacing=\"default\" desktop_text_alignment=\"default\" tablet_text_alignment=\"default\" phone_text_alignment=\"default\" background_color_opacity=\"1\" background_hover_color_opacity=\"1\" column_backdrop_filter=\"none\" column_shadow=\"none\" column_border_radius=\"none\" column_link_target=\"_self\" column_position=\"default\" gradient_direction=\"left_to_right\" overlay_strength=\"0.3\" width=\"1\/2\" tablet_width_inherit=\"default\" animation_type=\"default\" bg_image_animation=\"none\" border_type=\"simple\" column_border_width=\"none\" column_border_style=\"solid\"][image_with_animation image_url=\"3180\" image_size=\"full\" animation_type=\"entrance\" animation=\"None\" animation_movement_type=\"transform_y\" hover_animation=\"none\" alignment=\"\" border_radius=\"20px\" box_shadow=\"small_depth\" image_loading=\"default\" max_width=\"100%\" max_width_mobile=\"default\" margin_top=\"150\"][\/vc_column][\/vc_row][vc_row type=\"in_container\" full_screen_row_position=\"middle\" column_margin=\"default\" column_direction=\"default\" column_direction_tablet=\"column_reverse\" column_direction_phone=\"default\" scene_position=\"center\" text_color=\"dark\" text_align=\"left\" row_border_radius=\"none\" row_border_radius_applies=\"bg\" overflow=\"visible\" overlay_strength=\"0.3\" gradient_direction=\"left_to_right\" shape_divider_position=\"bottom\" bg_image_animation=\"none\" gradient_type=\"default\" shape_type=\"\"][vc_column column_padding=\"no-extra-padding\" column_padding_tablet=\"inherit\" column_padding_phone=\"inherit\" column_padding_position=\"all\" column_element_direction_desktop=\"default\" column_element_spacing=\"default\" desktop_text_alignment=\"default\" tablet_text_alignment=\"default\" phone_text_alignment=\"default\" background_color_opacity=\"1\" background_hover_color_opacity=\"1\" column_backdrop_filter=\"none\" column_shadow=\"none\" column_border_radius=\"none\" column_link_target=\"_self\" column_position=\"default\" gradient_direction=\"left_to_right\" overlay_strength=\"0.3\" width=\"1\/2\" tablet_width_inherit=\"default\" animation_type=\"default\" bg_image_animation=\"none\" border_type=\"simple\" column_border_width=\"none\" column_border_style=\"solid\"][image_with_animation image_url=\"3182\" image_size=\"full\" animation_type=\"entrance\" animation=\"None\" animation_movement_type=\"transform_y\" hover_animation=\"none\" alignment=\"\" border_radius=\"20px\" box_shadow=\"small_depth\" image_loading=\"default\" max_width=\"100%\" max_width_mobile=\"default\" margin_top=\"150\"][\/vc_column][vc_column column_padding=\"no-extra-padding\" column_padding_tablet=\"inherit\" column_padding_phone=\"inherit\" column_padding_position=\"all\" column_element_direction_desktop=\"default\" column_element_spacing=\"default\" desktop_text_alignment=\"default\" tablet_text_alignment=\"default\" phone_text_alignment=\"default\" background_color_opacity=\"1\" background_hover_color_opacity=\"1\" column_backdrop_filter=\"none\" column_shadow=\"none\" column_border_radius=\"none\" column_link_target=\"_self\" column_position=\"default\" gradient_direction=\"left_to_right\" overlay_strength=\"0.3\" width=\"1\/2\" tablet_width_inherit=\"default\" animation_type=\"default\" bg_image_animation=\"none\" border_type=\"simple\" column_border_width=\"none\" column_border_style=\"solid\"][vc_column_text css=\"\" text_direction=\"default\"]\n<h2>Les <b>charmes du sud de la Martinique<\/b><\/h2>\n<p>&nbsp;<\/p>\n<p><span style=\"font-weight: 400;\">Le sud de la Martinique est plus touristique et offre une grande vari\u00e9t\u00e9 de plages de sable blanc, bord\u00e9es de cocotiers et baign\u00e9es par des eaux turquoise. C'est le lieu id\u00e9al pour se d\u00e9tendre, pratiquer des activit\u00e9s nautiques et d\u00e9couvrir la culture locale.<\/span><\/p>\n<p><span style=\"font-weight: 400;\">Parmi les sites \u00e0 ne pas manquer, vous entendrez parler des plages des <\/span><b>Anses d'Arlet<\/b><span style=\"font-weight: 400;\">, de <\/span><b>Sainte-Anne<\/b><span style=\"font-weight: 400;\"> et du <\/span><b>Diamant<\/b><span style=\"font-weight: 400;\">, ainsi que les villages pittoresques de <\/span><b>Trois-\u00celets<\/b><span style=\"font-weight: 400;\"> et <\/span><b>Sainte-Luce<\/b><span style=\"font-weight: 400;\">. Le sud abrite \u00e9galement de nombreuses distilleries de rhum, des march\u00e9s color\u00e9s et des restaurants proposant une cuisine locale savoureuse.<\/span><\/p>\n<p><span style=\"font-weight: 400;\">Cela dit, le sud peut \u00eatre plus fr\u00e9quent\u00e9, notamment en haute saison, et les prix des h\u00e9bergements y sont g\u00e9n\u00e9ralement plus \u00e9lev\u00e9s. Les routes y sont toutefois plus accessibles et mieux entretenues que dans le nord.<\/span>[\/vc_column_text][\/vc_column][\/vc_row][vc_row type=\"in_container\" full_screen_row_position=\"middle\" column_margin=\"default\" column_direction=\"default\" column_direction_tablet=\"default\" column_direction_phone=\"default\" scene_position=\"center\" text_color=\"dark\" text_align=\"left\" row_border_radius=\"none\" row_border_radius_applies=\"bg\" overflow=\"visible\" overlay_strength=\"0.3\" gradient_direction=\"left_to_right\" shape_divider_position=\"bottom\" bg_image_animation=\"none\"][vc_column column_padding=\"no-extra-padding\" column_padding_tablet=\"inherit\" column_padding_phone=\"inherit\" column_padding_position=\"all\" column_element_direction_desktop=\"default\" column_element_spacing=\"default\" desktop_text_alignment=\"default\" tablet_text_alignment=\"default\" phone_text_alignment=\"default\" background_color_opacity=\"1\" background_hover_color_opacity=\"1\" column_backdrop_filter=\"none\" column_shadow=\"none\" column_border_radius=\"none\" column_link_target=\"_self\" column_position=\"default\" gradient_direction=\"left_to_right\" overlay_strength=\"0.3\" width=\"1\/1\" tablet_width_inherit=\"default\" animation_type=\"default\" bg_image_animation=\"none\" border_type=\"simple\" column_border_width=\"none\" column_border_style=\"solid\"][nectar_highlighted_text color_type=\"regular\" highlight_color=\"#000000\" style=\"full_text\" highlight_expansion=\"default\" text_direction=\"default\"]\n<h2>Carnet de bord \u2013 5 jours dans le nord de la Martinique<\/h2>\n[\/nectar_highlighted_text][\/vc_column][vc_column column_padding=\"no-extra-padding\" column_padding_tablet=\"inherit\" column_padding_phone=\"inherit\" column_padding_position=\"all\" column_element_direction_desktop=\"default\" column_element_spacing=\"default\" desktop_text_alignment=\"default\" tablet_text_alignment=\"default\" phone_text_alignment=\"default\" background_color_opacity=\"1\" background_hover_color_opacity=\"1\" column_backdrop_filter=\"none\" column_shadow=\"none\" column_border_radius=\"none\" column_link_target=\"_self\" column_position=\"default\" gradient_direction=\"left_to_right\" overlay_strength=\"0.3\" width=\"1\/2\" tablet_width_inherit=\"default\" animation_type=\"default\" bg_image_animation=\"none\" border_type=\"simple\" column_border_width=\"none\" column_border_style=\"solid\"][vc_column_text css=\"\" text_direction=\"default\"]\n<p data-start=\"305\" data-end=\"624\">\n<p data-start=\"305\" data-end=\"624\">\n<p data-start=\"305\" data-end=\"624\">Ce carnet de bord vous emm\u00e8ne \u00e0 travers un itin\u00e9raire de 5 jours, con\u00e7u pour explorer les merveilles du nord, \u00e0 votre rythme, avec une voiture Allocar comme fid\u00e8le complice.<\/p>\n<h3 data-start=\"631\" data-end=\"683\">\u00a0Jour 1 \u2013 La Route de la Trace et Saint-Pierre<\/h3>\n<p data-start=\"685\" data-end=\"909\">Les vitres l\u00e9g\u00e8rement baiss\u00e9es, l\u2019air humide et parfum\u00e9 de foug\u00e8res s\u2019infiltre dans l\u2019habitacle. La Route de la Trace serpente \u00e0 travers une v\u00e9g\u00e9tation luxuriante ; chaque virage r\u00e9v\u00e8le un tableau vivant de vert et de brume.<\/p>\n<p data-start=\"911\" data-end=\"1124\">Premier arr\u00eat : le <strong data-start=\"930\" data-end=\"950\">Jardin de Balata<\/strong>, havre suspendu entre ciel et for\u00eat tropicale. Des colibris virevoltent au-dessus des passerelles, les bambous dansent lentement avec le vent. L\u2019appareil photo chauffe d\u00e9j\u00e0.<\/p>\n<p data-start=\"1126\" data-end=\"1488\">L\u2019apr\u00e8s-midi, direction les <strong data-start=\"1154\" data-end=\"1178\">gorges de la Falaise<\/strong>. Maillot enfil\u00e9 \u00e0 l\u2019arri\u00e8re du v\u00e9hicule, vous plongez dans l\u2019eau fra\u00eeche, enserr\u00e9e entre deux murailles de pierre moussue. En fin de journ\u00e9e, cap sur <strong data-start=\"1329\" data-end=\"1345\">Saint-Pierre<\/strong>. Les ruines du th\u00e9\u00e2tre romain, la mer Cara\u00efbe, et la majest\u00e9 endormie de la Pel\u00e9e composent un d\u00e9cor unique pour admirer le coucher du soleil.<\/p>\n[\/vc_column_text][\/vc_column][vc_column column_padding=\"no-extra-padding\" column_padding_tablet=\"inherit\" column_padding_phone=\"inherit\" column_padding_position=\"all\" column_element_direction_desktop=\"default\" column_element_spacing=\"default\" desktop_text_alignment=\"default\" tablet_text_alignment=\"default\" phone_text_alignment=\"default\" background_color_opacity=\"1\" background_hover_color_opacity=\"1\" column_backdrop_filter=\"none\" column_shadow=\"none\" column_border_radius=\"none\" column_link_target=\"_self\" column_position=\"default\" gradient_direction=\"left_to_right\" overlay_strength=\"0.3\" width=\"1\/2\" tablet_width_inherit=\"default\" animation_type=\"default\" bg_image_animation=\"none\" border_type=\"simple\" column_border_width=\"none\" column_border_style=\"solid\"][image_with_animation image_url=\"3220\" image_size=\"full\" animation_type=\"entrance\" animation=\"None\" animation_movement_type=\"transform_y\" hover_animation=\"none\" alignment=\"\" border_radius=\"20px\" box_shadow=\"small_depth\" image_loading=\"default\" max_width=\"100%\" max_width_mobile=\"default\" margin_top=\"100\"][\/vc_column][\/vc_row][vc_row type=\"in_container\" full_screen_row_position=\"middle\" column_margin=\"default\" column_direction=\"default\" column_direction_tablet=\"default\" column_direction_phone=\"default\" scene_position=\"center\" text_color=\"dark\" text_align=\"left\" row_border_radius=\"none\" row_border_radius_applies=\"bg\" overflow=\"visible\" overlay_strength=\"0.3\" gradient_direction=\"left_to_right\" shape_divider_position=\"bottom\" bg_image_animation=\"none\"][vc_column column_padding=\"no-extra-padding\" column_padding_tablet=\"inherit\" column_padding_phone=\"inherit\" column_padding_position=\"all\" column_element_direction_desktop=\"default\" column_element_spacing=\"default\" desktop_text_alignment=\"default\" tablet_text_alignment=\"default\" phone_text_alignment=\"default\" background_color_opacity=\"1\" background_hover_color_opacity=\"1\" column_backdrop_filter=\"none\" column_shadow=\"none\" column_border_radius=\"none\" column_link_target=\"_self\" column_position=\"default\" gradient_direction=\"left_to_right\" overlay_strength=\"0.3\" width=\"1\/2\" tablet_width_inherit=\"default\" animation_type=\"default\" bg_image_animation=\"none\" border_type=\"simple\" column_border_width=\"none\" column_border_style=\"solid\"][image_with_animation image_url=\"3237\" image_size=\"full\" animation_type=\"entrance\" animation=\"None\" animation_movement_type=\"transform_y\" hover_animation=\"none\" alignment=\"\" border_radius=\"20px\" box_shadow=\"small_depth\" image_loading=\"default\" max_width=\"100%\" max_width_mobile=\"default\" margin_top=\"70\"][nectar_btn size=\"jumbo\" button_style=\"regular\" button_color_2=\"Accent-Color\" icon_family=\"none\" text=\"R\u00e9server ma voiture ici\" url=\"https:\/\/allocar-martinique.fr\/fr\/\" margin_top=\"50\"][\/vc_column][vc_column column_padding=\"no-extra-padding\" column_padding_tablet=\"inherit\" column_padding_phone=\"inherit\" column_padding_position=\"all\" column_element_direction_desktop=\"default\" column_element_spacing=\"default\" desktop_text_alignment=\"default\" tablet_text_alignment=\"default\" phone_text_alignment=\"default\" background_color_opacity=\"1\" background_hover_color_opacity=\"1\" column_backdrop_filter=\"none\" column_shadow=\"none\" column_border_radius=\"none\" column_link_target=\"_self\" column_position=\"default\" gradient_direction=\"left_to_right\" overlay_strength=\"0.3\" width=\"1\/2\" tablet_width_inherit=\"default\" animation_type=\"default\" bg_image_animation=\"none\" border_type=\"simple\" column_border_width=\"none\" column_border_style=\"solid\"][vc_column_text css=\"\" text_direction=\"default\"]\n<h3 data-start=\"1495\" data-end=\"1543\">Jour 2 \u2013 L\u2019ascension de la montagne Pel\u00e9e<\/h3>\n<p data-start=\"1545\" data-end=\"1750\">R\u00e9veil \u00e0 l\u2019aube. Le sac est pr\u00eat, les croissants du matin gliss\u00e9s dans une poche, la frontale en place. Le sentier s\u2019ouvre devant vous, silencieux, encore embrum\u00e9. Pas apr\u00e8s pas, vous gagnez de l\u2019altitude.<\/p>\n<p data-start=\"1752\" data-end=\"2023\">Les premi\u00e8res pauses permettent de souffler, d\u2019absorber les panoramas, de sentir le vent changer. Au sommet, au bord du crat\u00e8re, un simple caf\u00e9 fumant devient une r\u00e9compense. En contrebas, les nuages commencent \u00e0 s\u2019\u00e9lever : vous les avez devanc\u00e9s. La montagne est \u00e0 vous.<\/p>\n<h3 data-start=\"2030\" data-end=\"2090\">Jour 3 \u2013 Exploration de la presqu\u2019\u00eele de la Caravelle<\/h3>\n<p data-start=\"2092\" data-end=\"2350\">Aujourd\u2019hui, l\u2019appel de l\u2019est sauvage r\u00e9sonne. Direction la <strong data-start=\"2152\" data-end=\"2182\">presqu\u2019\u00eele de la Caravelle<\/strong>, territoire d\u2019oiseaux, de mangroves et de falaises. Sur le chemin c\u00f4tier, vous croisez les pas press\u00e9s des <strong data-start=\"2290\" data-end=\"2312\">crabes violonistes<\/strong> et les reflets dor\u00e9s des pal\u00e9tuviers.<\/p>\n<p data-start=\"2352\" data-end=\"2754\">En haut du <strong data-start=\"2363\" data-end=\"2388\">phare de la Caravelle<\/strong>, un panorama \u00e0 360\u00b0 vous coupe le souffle : l\u2019oc\u00e9an d\u2019un bleu franc d\u2019un c\u00f4t\u00e9, la for\u00eat tordue et battue par les vents de l\u2019autre. La pause d\u00e9jeuner se fait face aux ruines du <strong data-start=\"2565\" data-end=\"2582\">ch\u00e2teau Dubuc<\/strong>, et la journ\u00e9e s\u2019ach\u00e8ve dans une crique secr\u00e8te, o\u00f9 l\u2019eau turquoise l\u00e8che doucement le sable blond. Vous vous endormez un instant, le carnet de bord ouvert sur vos genoux.<\/p>\n[\/vc_column_text][\/vc_column][\/vc_row][vc_row type=\"in_container\" full_screen_row_position=\"middle\" column_margin=\"default\" column_direction=\"default\" column_direction_tablet=\"default\" column_direction_phone=\"default\" scene_position=\"center\" text_color=\"dark\" text_align=\"left\" row_border_radius=\"none\" row_border_radius_applies=\"bg\" overflow=\"visible\" overlay_strength=\"0.3\" gradient_direction=\"left_to_right\" shape_divider_position=\"bottom\" bg_image_animation=\"none\"][vc_column column_padding=\"no-extra-padding\" column_padding_tablet=\"inherit\" column_padding_phone=\"inherit\" column_padding_position=\"all\" column_element_direction_desktop=\"default\" column_element_spacing=\"default\" desktop_text_alignment=\"default\" tablet_text_alignment=\"default\" phone_text_alignment=\"default\" background_color_opacity=\"1\" background_hover_color_opacity=\"1\" column_backdrop_filter=\"none\" column_shadow=\"none\" column_border_radius=\"none\" column_link_target=\"_self\" column_position=\"default\" gradient_direction=\"left_to_right\" overlay_strength=\"0.3\" width=\"1\/2\" tablet_width_inherit=\"default\" animation_type=\"default\" bg_image_animation=\"none\" border_type=\"simple\" column_border_width=\"none\" column_border_style=\"solid\"][vc_column_text css=\"\" text_direction=\"default\"]\n<h3 data-start=\"2761\" data-end=\"2812\">\u00a0Jour 4 \u2013 Anse Couleuvre et cascade tropicale<\/h3>\n<p data-start=\"2814\" data-end=\"3039\">Le chemin cahoteux vers l\u2019<strong data-start=\"2840\" data-end=\"2858\">Anse Couleuvre<\/strong> se fait en douceur, la voiture Allocar avan\u00e7ant avec souplesse malgr\u00e9 les nids-de-poule. Arriv\u00e9\u00b7e en haut de la piste, vous descendez \u00e0 pied, vos pas amortis par l\u2019\u00e9paisse canop\u00e9e.<\/p>\n<p data-start=\"3041\" data-end=\"3239\">Sur la plage de sable noir, encore ti\u00e8de du soleil matinal, une atmosph\u00e8re de bout du monde. Palmes aux pieds, vous glissez dans l\u2019eau translucide. Une <strong data-start=\"3193\" data-end=\"3209\">tortue verte<\/strong> appara\u00eet, curieuse, paisible.<\/p>\n<p data-start=\"3241\" data-end=\"3449\">De retour sur la terre ferme, vous remontez doucement \u00e0 travers la for\u00eat humide jusqu\u2019\u00e0 la <strong data-start=\"3332\" data-end=\"3353\">cascade Couleuvre<\/strong>, nich\u00e9e dans l\u2019\u00e9crin de verdure. Chaque goutte semble vibrer dans l\u2019air satur\u00e9 de chlorophylle.<\/p>\n<h3 data-start=\"3456\" data-end=\"3514\">\u00a0Jour 5 \u2013 D\u00e9gustation, dauphins et route vers le sud<\/h3>\n<p data-start=\"3516\" data-end=\"3758\">Pour finir cette aventure, place \u00e0 la douceur : direction la <strong data-start=\"3577\" data-end=\"3598\">distillerie Depaz<\/strong>, au pied de la Pel\u00e9e. L\u2019ar\u00f4me bois\u00e9 d\u2019un rhum vieilli en f\u00fbt vous chatouille le nez. Une bouteille gliss\u00e9e dans le coffre, vous prenez la mer depuis Case-Pilote.<\/p>\n<p data-start=\"3760\" data-end=\"3920\">\u00c0 bord d\u2019un zodiac, les vagues claquent, les rires fusent. Soudain, des <strong data-start=\"3832\" data-end=\"3844\">dauphins<\/strong> surgissent et filent \u00e0 l\u2019\u00e9trave. Mode rafale enclench\u00e9, souvenirs captur\u00e9s.<\/p>\n<p data-start=\"3922\" data-end=\"4147\">Le moteur de votre voiture ronronne \u00e0 nouveau : cap sur les plages du sud. Lunettes de soleil, playlist lanc\u00e9e, clim r\u00e9gl\u00e9e. Le confort du v\u00e9hicule <a class=\"\" href=\"https:\/\/allocar-martinique.fr\/fr\/categorie-suv\/\" target=\"_new\" rel=\"noopener\" data-start=\"1747\" data-end=\"1809\">SUV Allocar<\/a> prolonge cette impression de libert\u00e9 totale, sur les routes comme en mer. Vous savourez la libert\u00e9 offerte par la r\u00e9servation express sur <a class=\"\" href=\"https:\/\/allocar-martinique.fr\/fr\/\" target=\"_new\" rel=\"noopener\" data-start=\"1944\" data-end=\"1999\">Allocar Martinique<\/a>.<\/p>\n[\/vc_column_text][\/vc_column][vc_column column_padding=\"no-extra-padding\" column_padding_tablet=\"inherit\" column_padding_phone=\"inherit\" column_padding_position=\"all\" column_element_direction_desktop=\"default\" column_element_spacing=\"default\" desktop_text_alignment=\"default\" tablet_text_alignment=\"default\" phone_text_alignment=\"default\" background_color_opacity=\"1\" background_hover_color_opacity=\"1\" column_backdrop_filter=\"none\" column_shadow=\"none\" column_border_radius=\"none\" column_link_target=\"_self\" column_position=\"default\" gradient_direction=\"left_to_right\" overlay_strength=\"0.3\" width=\"1\/2\" tablet_width_inherit=\"default\" animation_type=\"default\" bg_image_animation=\"none\" border_type=\"simple\" column_border_width=\"none\" column_border_style=\"solid\"][image_with_animation image_url=\"3184\" image_size=\"full\" animation_type=\"entrance\" animation=\"None\" animation_movement_type=\"transform_y\" hover_animation=\"none\" alignment=\"\" border_radius=\"20px\" box_shadow=\"small_depth\" image_loading=\"default\" max_width=\"100%\" max_width_mobile=\"default\" margin_top=\"100\"][\/vc_column][\/vc_row][vc_row type=\"in_container\" full_screen_row_position=\"middle\" column_margin=\"default\" column_direction=\"default\" column_direction_tablet=\"column_reverse\" column_direction_phone=\"default\" scene_position=\"center\" text_color=\"dark\" text_align=\"left\" row_border_radius=\"none\" row_border_radius_applies=\"bg\" overflow=\"visible\" overlay_strength=\"0.3\" gradient_direction=\"left_to_right\" shape_divider_position=\"bottom\" bg_image_animation=\"none\" gradient_type=\"default\" shape_type=\"\"][vc_column column_padding=\"no-extra-padding\" column_padding_tablet=\"inherit\" column_padding_phone=\"inherit\" column_padding_position=\"all\" column_element_direction_desktop=\"default\" column_element_spacing=\"default\" desktop_text_alignment=\"default\" tablet_text_alignment=\"default\" phone_text_alignment=\"default\" background_color_opacity=\"1\" background_hover_color_opacity=\"1\" column_backdrop_filter=\"none\" column_shadow=\"none\" column_border_radius=\"none\" column_link_target=\"_self\" column_position=\"default\" gradient_direction=\"left_to_right\" overlay_strength=\"0.3\" width=\"1\/1\" tablet_width_inherit=\"default\" animation_type=\"default\" bg_image_animation=\"none\" border_type=\"simple\" column_border_width=\"none\" column_border_style=\"solid\"][nectar_highlighted_text color_type=\"regular\" highlight_color=\"#000000\" style=\"full_text\" highlight_expansion=\"default\" text_direction=\"default\"]\n<h2>Carnet de bord \u2013 5 jours dans le sud de la Martinique<\/h2>\n[\/nectar_highlighted_text][\/vc_column][vc_column column_padding=\"no-extra-padding\" column_padding_tablet=\"inherit\" column_padding_phone=\"inherit\" column_padding_position=\"all\" column_element_direction_desktop=\"default\" column_element_spacing=\"default\" desktop_text_alignment=\"default\" tablet_text_alignment=\"default\" phone_text_alignment=\"default\" background_color_opacity=\"1\" background_hover_color_opacity=\"1\" column_backdrop_filter=\"none\" column_shadow=\"none\" column_border_radius=\"none\" column_link_target=\"_self\" column_position=\"default\" gradient_direction=\"left_to_right\" overlay_strength=\"0.3\" width=\"1\/2\" tablet_width_inherit=\"default\" animation_type=\"default\" bg_image_animation=\"none\" border_type=\"simple\" column_border_width=\"none\" column_border_style=\"solid\"][image_with_animation image_url=\"3186\" image_size=\"full\" animation_type=\"entrance\" animation=\"None\" animation_movement_type=\"transform_y\" hover_animation=\"none\" alignment=\"\" border_radius=\"20px\" box_shadow=\"small_depth\" image_loading=\"default\" max_width=\"100%\" max_width_mobile=\"default\" margin_top=\"160\"][\/vc_column][vc_column column_padding=\"no-extra-padding\" column_padding_tablet=\"inherit\" column_padding_phone=\"inherit\" column_padding_position=\"all\" column_element_direction_desktop=\"default\" column_element_spacing=\"default\" desktop_text_alignment=\"default\" tablet_text_alignment=\"default\" phone_text_alignment=\"default\" background_color_opacity=\"1\" background_hover_color_opacity=\"1\" column_backdrop_filter=\"none\" column_shadow=\"none\" column_border_radius=\"none\" column_link_target=\"_self\" column_position=\"default\" gradient_direction=\"left_to_right\" overlay_strength=\"0.3\" width=\"1\/2\" tablet_width_inherit=\"default\" animation_type=\"default\" bg_image_animation=\"none\" border_type=\"simple\" column_border_width=\"none\" column_border_style=\"solid\"][vc_column_text css=\"\" text_direction=\"default\"]\n<h2><\/h2>\n<p>&nbsp;<\/p>\n<p data-start=\"315\" data-end=\"709\">Ce second itin\u00e9raire vous invite \u00e0 savourer une autre facette de l\u2019\u00eele, tout aussi inoubliable, avec votre voiture Allocar comme fid\u00e8le complice de chaque escapade.<\/p>\n<h3 data-start=\"716\" data-end=\"763\">\u00a0Jour 6 \u2013 Anses d\u2019Arlet, bleu translucide<\/h3>\n<p data-start=\"765\" data-end=\"1019\">Sur le ponton de bois, les pieds nus chauff\u00e9s par le soleil, vous scrutez la mer calme. Palmes aux chevilles, vous plongez. En quelques battements, une <strong data-start=\"917\" data-end=\"933\">tortue verte<\/strong> appara\u00eet, paisible, \u00e0 port\u00e9e de regard. L\u2019eau est si limpide qu\u2019elle semble irr\u00e9elle.<\/p>\n<p data-start=\"1021\" data-end=\"1353\">De retour sur le sable dor\u00e9, vous d\u00e9gustez une <strong data-start=\"1068\" data-end=\"1089\">langouste grill\u00e9e<\/strong>, les doigts encore sal\u00e9s. \u00c0 quelques m\u00e8tres, les <strong data-start=\"1139\" data-end=\"1183\">p\u00eacheurs tirent leurs yoles multicolores<\/strong>, dans un ballet familier. Le soir, les masques s\u00e8chent sur la rambarde du balcon. La mer devient miroir, et vous savourez la promesse d\u2019un lendemain encore plus sauvage.<\/p>\n<h3 data-start=\"1360\" data-end=\"1421\">Jour 7 \u2013 Trace des Caps, carte postale grandeur nature<\/h3>\n<p data-start=\"1423\" data-end=\"1706\">Chaussures l\u00e9g\u00e8res enfil\u00e9es, vous entamez l\u2019un des plus beaux tron\u00e7ons de randonn\u00e9e c\u00f4ti\u00e8re : <strong data-start=\"1517\" data-end=\"1551\">Anse Trabaud jusqu\u2019aux Salines<\/strong>. L\u2019oc\u00e9an, \u00e0 votre gauche, envoie ses embruns ; \u00e0 droite, la <strong data-start=\"1612\" data-end=\"1641\">Savane des P\u00e9trifications<\/strong> d\u00e9roule son paysage aride, piqu\u00e9 de cactus et d\u2019\u00e9clats de roche.<\/p>\n<p data-start=\"1708\" data-end=\"2038\">Chaque <strong data-start=\"1715\" data-end=\"1731\">anse d\u00e9serte<\/strong> crois\u00e9e en chemin vous tente pour une baignade \u00e9clair, mais vous poursuivez jusqu\u2019\u00e0 l\u2019immense plage des <strong data-start=\"1836\" data-end=\"1847\">Salines<\/strong>, o\u00f9 le sable farineux crisse sous vos pas. \u00c0 l\u2019ombre d\u2019un raisinier, votre <strong data-start=\"1923\" data-end=\"1943\">citadine Allocar<\/strong> vous attend, compacte et facile \u00e0 garer \u2014 id\u00e9ale pour ces haltes improvis\u00e9es au bout du monde.<\/p>\n[\/vc_column_text][\/vc_column][\/vc_row][vc_row type=\"in_container\" full_screen_row_position=\"middle\" column_margin=\"default\" column_direction=\"default\" column_direction_tablet=\"column_reverse\" column_direction_phone=\"default\" scene_position=\"center\" text_color=\"dark\" text_align=\"left\" row_border_radius=\"none\" row_border_radius_applies=\"bg\" overflow=\"visible\" overlay_strength=\"0.3\" gradient_direction=\"left_to_right\" shape_divider_position=\"bottom\" bg_image_animation=\"none\" gradient_type=\"default\" shape_type=\"\"][vc_column column_padding=\"no-extra-padding\" column_padding_tablet=\"inherit\" column_padding_phone=\"inherit\" column_padding_position=\"all\" column_element_direction_desktop=\"default\" column_element_spacing=\"default\" desktop_text_alignment=\"default\" tablet_text_alignment=\"default\" phone_text_alignment=\"default\" background_color_opacity=\"1\" background_hover_color_opacity=\"1\" column_backdrop_filter=\"none\" column_shadow=\"none\" column_border_radius=\"none\" column_link_target=\"_self\" column_position=\"default\" gradient_direction=\"left_to_right\" overlay_strength=\"0.3\" width=\"1\/2\" tablet_width_inherit=\"default\" animation_type=\"default\" bg_image_animation=\"none\" border_type=\"simple\" column_border_width=\"none\" column_border_style=\"solid\"][vc_column_text css=\"\" text_direction=\"default\"]\n<h3 data-start=\"2045\" data-end=\"2096\">Jour 8 \u2013 Diamant, entre g\u00e9ologie et farniente<\/h3>\n<p data-start=\"2098\" data-end=\"2328\">Au petit matin, vous grimpez le <strong data-start=\"2130\" data-end=\"2147\">Morne Larcher<\/strong>. La mont\u00e9e est abrupte mais rapide. Au sommet, le <strong data-start=\"2198\" data-end=\"2219\">Rocher du Diamant<\/strong> se dresse, monumental, surgissant de la brume comme un mirage. Une photo, une story, un souvenir d\u00e9j\u00e0 grav\u00e9.<\/p>\n<p data-start=\"2330\" data-end=\"2651\">En redescendant, vous faites halte au <strong data-start=\"2368\" data-end=\"2388\">M\u00e9morial Cap 110<\/strong>. En silence, vous contemplez les silhouettes blanches tourn\u00e9es vers l\u2019Afrique, m\u00e9moire poignante de la traite n\u00e9gri\u00e8re. L\u2019apr\u00e8s-midi, place au repos : bain de soleil \u00e0 <strong data-start=\"2557\" data-end=\"2572\">Petite Anse<\/strong>, masque \u00e0 port\u00e9e de main, <strong data-start=\"2599\" data-end=\"2614\">sorbet coco<\/strong> au creux des doigts. Rien ne presse.<\/p>\n<h3 data-start=\"2658\" data-end=\"2720\">\u00a0Jour 9 \u2013 Trois-\u00celets &amp; Fort-de-France, immersion cr\u00e9ole<\/h3>\n<p data-start=\"2722\" data-end=\"2965\">Billet en poche, vous commencez par la <strong data-start=\"2761\" data-end=\"2785\">Maison de la Pagerie<\/strong>, puis visitez la <strong data-start=\"2803\" data-end=\"2826\">Savane des Esclaves<\/strong>, o\u00f9 les cases racontent, en creux, la m\u00e9moire d\u2019un peuple. Ce n\u2019est pas un mus\u00e9e, c\u2019est une plong\u00e9e dans le c\u0153ur battant de la Martinique.<\/p>\n<p data-start=\"2967\" data-end=\"3313\">\u00c0 bord de la navette maritime, cap sur <strong data-start=\"3006\" data-end=\"3024\">Fort-de-France<\/strong>. La baie miroite sous le soleil, vous sirotez un <strong data-start=\"3074\" data-end=\"3086\">ti-punch<\/strong> au <strong data-start=\"3090\" data-end=\"3108\">march\u00e9 couvert<\/strong>, un <strong data-start=\"3113\" data-end=\"3132\">panier d\u2019\u00e9pices<\/strong> sous le bras. Le retour se fait en musique, zouk en fond sonore, les enfants rient \u00e0 l\u2019arri\u00e8re, berc\u00e9s par la clim douce de votre <strong data-start=\"3263\" data-end=\"3284\">familiale Allocar<\/strong>. Confort, s\u00e9curit\u00e9, libert\u00e9.<\/p>\n[\/vc_column_text][\/vc_column][vc_column column_padding=\"no-extra-padding\" column_padding_tablet=\"inherit\" column_padding_phone=\"inherit\" column_padding_position=\"all\" column_element_direction_desktop=\"default\" column_element_spacing=\"default\" desktop_text_alignment=\"default\" tablet_text_alignment=\"default\" phone_text_alignment=\"default\" background_color_opacity=\"1\" background_hover_color_opacity=\"1\" column_backdrop_filter=\"none\" column_shadow=\"none\" column_border_radius=\"none\" column_link_target=\"_self\" column_position=\"default\" gradient_direction=\"left_to_right\" overlay_strength=\"0.3\" width=\"1\/2\" tablet_width_inherit=\"default\" animation_type=\"default\" bg_image_animation=\"none\" border_type=\"simple\" column_border_width=\"none\" column_border_style=\"solid\"][image_with_animation image_url=\"3218\" image_size=\"full\" animation_type=\"entrance\" animation=\"None\" animation_movement_type=\"transform_y\" hover_animation=\"none\" alignment=\"\" border_radius=\"20px\" box_shadow=\"small_depth\" image_loading=\"default\" max_width=\"100%\" max_width_mobile=\"default\" margin_top=\"100\"][\/vc_column][\/vc_row][vc_row type=\"in_container\" full_screen_row_position=\"middle\" column_margin=\"default\" column_direction=\"default\" column_direction_tablet=\"column_reverse\" column_direction_phone=\"default\" scene_position=\"center\" text_color=\"dark\" text_align=\"left\" row_border_radius=\"none\" row_border_radius_applies=\"bg\" overflow=\"visible\" overlay_strength=\"0.3\" gradient_direction=\"left_to_right\" shape_divider_position=\"bottom\" bg_image_animation=\"none\" gradient_type=\"default\" shape_type=\"\"][vc_column column_padding=\"no-extra-padding\" column_padding_tablet=\"inherit\" column_padding_phone=\"inherit\" column_padding_position=\"all\" column_element_direction_desktop=\"default\" column_element_spacing=\"default\" desktop_text_alignment=\"default\" tablet_text_alignment=\"default\" phone_text_alignment=\"default\" background_color_opacity=\"1\" background_hover_color_opacity=\"1\" column_backdrop_filter=\"none\" column_shadow=\"none\" column_border_radius=\"none\" column_link_target=\"_self\" column_position=\"default\" gradient_direction=\"left_to_right\" overlay_strength=\"0.3\" width=\"1\/2\" tablet_width_inherit=\"default\" animation_type=\"default\" bg_image_animation=\"none\" border_type=\"simple\" column_border_width=\"none\" column_border_style=\"solid\"][image_with_animation image_url=\"3188\" image_size=\"full\" animation_type=\"entrance\" animation=\"None\" animation_movement_type=\"transform_y\" hover_animation=\"none\" alignment=\"\" border_radius=\"20px\" box_shadow=\"small_depth\" image_loading=\"default\" max_width=\"100%\" max_width_mobile=\"default\" margin_top=\"76\"][\/vc_column][vc_column column_padding=\"no-extra-padding\" column_padding_tablet=\"inherit\" column_padding_phone=\"inherit\" column_padding_position=\"all\" column_element_direction_desktop=\"default\" column_element_spacing=\"default\" desktop_text_alignment=\"default\" tablet_text_alignment=\"default\" phone_text_alignment=\"default\" background_color_opacity=\"1\" background_hover_color_opacity=\"1\" column_backdrop_filter=\"none\" column_shadow=\"none\" column_border_radius=\"none\" column_link_target=\"_self\" column_position=\"default\" gradient_direction=\"left_to_right\" overlay_strength=\"0.3\" width=\"1\/2\" tablet_width_inherit=\"default\" animation_type=\"default\" bg_image_animation=\"none\" border_type=\"simple\" column_border_width=\"none\" column_border_style=\"solid\"][vc_column_text css=\"\" text_direction=\"default\"]\n<p data-start=\"2967\" data-end=\"3313\">\n<h3 data-start=\"3320\" data-end=\"3368\">Jour 10 \u2013 Salines \u00e0 l\u2019aube &amp; rhum d\u2019adieu<\/h3>\n<p data-start=\"3370\" data-end=\"3596\">Ce matin-l\u00e0, vous arrivez avant le soleil. Le ciel se teinte de rose, les cocotiers s\u2019inclinent doucement au-dessus de l\u2019eau encore ti\u00e8de. Vous vous offrez un <strong data-start=\"3529\" data-end=\"3549\">dernier plongeon<\/strong>, dans une atmosph\u00e8re suspendue, hors du temps.<\/p>\n<p data-start=\"3598\" data-end=\"3830\">Sur la route de l\u2019a\u00e9roport, un dernier d\u00e9tour s\u2019impose : <strong data-start=\"3655\" data-end=\"3679\">l\u2019Habitation Cl\u00e9ment<\/strong>. Les chais embaument la <strong data-start=\"3704\" data-end=\"3742\">vanille, le bois, la canne \u00e0 sucre<\/strong>. Une bouteille mill\u00e9sim\u00e9e rejoint votre valise, dernier tr\u00e9sor d\u2019un voyage bien rempli.<\/p>\n<p data-start=\"3832\" data-end=\"4067\">\u00c0 l\u2019agence Allocar de l\u2019a\u00e9rogare, vous rendez les cl\u00e9s avec le sourire. <strong data-start=\"3904\" data-end=\"3928\">Dix jours de libert\u00e9<\/strong>, de plages, de sentiers, de rencontres. Et au c\u0153ur de cette aventure, un v\u00e9hicule choisi avec soin pour vous mener plus loin, chaque jour.<\/p>\n[\/vc_column_text][\/vc_column][\/vc_row][vc_row type=\"in_container\" full_screen_row_position=\"middle\" column_margin=\"default\" column_direction=\"default\" column_direction_tablet=\"default\" column_direction_phone=\"default\" scene_position=\"center\" text_color=\"dark\" text_align=\"left\" row_border_radius=\"none\" row_border_radius_applies=\"bg\" overflow=\"visible\" overlay_strength=\"0.3\" gradient_direction=\"left_to_right\" shape_divider_position=\"bottom\" bg_image_animation=\"none\"][vc_column column_padding=\"no-extra-padding\" column_padding_tablet=\"inherit\" column_padding_phone=\"inherit\" column_padding_position=\"all\" column_element_direction_desktop=\"default\" column_element_spacing=\"default\" desktop_text_alignment=\"default\" tablet_text_alignment=\"default\" phone_text_alignment=\"default\" background_color_opacity=\"1\" background_hover_color_opacity=\"1\" column_backdrop_filter=\"none\" column_shadow=\"none\" column_border_radius=\"none\" column_link_target=\"_self\" column_position=\"default\" gradient_direction=\"left_to_right\" overlay_strength=\"0.3\" width=\"1\/2\" tablet_width_inherit=\"default\" animation_type=\"default\" bg_image_animation=\"none\" border_type=\"simple\" column_border_width=\"none\" column_border_style=\"solid\"][vc_column_text css=\"\" text_direction=\"default\"]\n<h2><b>Quel type de voiture louer pour ce s\u00e9jour ?<\/b><\/h2>\n<p>&nbsp;<\/p>\n<p><span style=\"font-weight: 400;\">Le choix du v\u00e9hicule est crucial pour un road trip en Martinique. Pour un itin\u00e9raire combinant le nord et le sud, un <\/span><b>SUV<\/b><span style=\"font-weight: 400;\"> est recommand\u00e9. Sa garde au sol \u00e9lev\u00e9e et sa robustesse sont adapt\u00e9es aux routes sinueuses et parfois accident\u00e9es du nord, tandis qu'il offre un confort appr\u00e9ciable pour les trajets dans le sud.<\/span><\/p>\n<p><span style=\"font-weight: 400;\">Si vous voyagez en couple ou en petit groupe et que vous pr\u00e9voyez de rester principalement dans le sud, une <\/span><b>citadine<\/b><span style=\"font-weight: 400;\"> peut suffire. Elle est plus \u00e9conomique et facile \u00e0 man\u0153uvrer dans les zones urbaines.<\/span><\/p>\n<p><span style=\"font-weight: 400;\">Chez <\/span><b>Allocar Martinique<\/b><span style=\"font-weight: 400;\">, nous proposons une gamme vari\u00e9e de v\u00e9hicules adapt\u00e9s \u00e0 tous les types de s\u00e9jours. N'h\u00e9sitez pas \u00e0 consulter notre parc automobile pour trouver le mod\u00e8le qui correspond \u00e0 vos besoins.<\/span><\/p>\n<p>&nbsp;<\/p>\n<h2>Nos c<b>onseils pratiques pour une location r\u00e9ussie<\/b><\/h2>\n<p>&nbsp;<\/p>\n<ul>\n<li><b>R\u00e9servez votre v\u00e9hicule \u00e0 l'avance<\/b><span style=\"font-weight: 400;\">, surtout en haute saison, pour b\u00e9n\u00e9ficier des meilleurs tarifs et garantir la disponibilit\u00e9 du mod\u00e8le souhait\u00e9.<\/span><\/li>\n<li><b>V\u00e9rifiez les options propos\u00e9es<\/b><span style=\"font-weight: 400;\"> : GPS, si\u00e8ge b\u00e9b\u00e9, etc.<\/span><\/li>\n<li><b>Optez pour une assurance compl\u00e8te<\/b><span style=\"font-weight: 400;\"> pour rouler en toute s\u00e9r\u00e9nit\u00e9, m\u00eame sur les routes les plus recul\u00e9es.<\/span><\/li>\n<li><b>Informez-vous sur les conditions de conduite locales<\/b><span style=\"font-weight: 400;\"> : limitations de vitesse, \u00e9tat des routes, etc.<\/span><\/li>\n<\/ul>\n<p><span style=\"font-weight: 400;\">En suivant ces conseils, vous pourrez profiter pleinement de votre s\u00e9jour en Martinique, en toute libert\u00e9 et en toute s\u00e9curit\u00e9.<\/span><\/p>\n<p><span style=\"font-weight: 400;\">Pour plus d'informations et pour r\u00e9server votre v\u00e9hicule, rendez-vous sur notre <a href=\"https:\/\/allocar-martinique.fr\/\">page d'accueil<\/a>.<\/span>[\/vc_column_text][\/vc_column][vc_column column_padding=\"no-extra-padding\" column_padding_tablet=\"inherit\" column_padding_phone=\"inherit\" column_padding_position=\"all\" column_element_direction_desktop=\"default\" column_element_spacing=\"default\" desktop_text_alignment=\"default\" tablet_text_alignment=\"default\" phone_text_alignment=\"default\" background_color_opacity=\"1\" background_hover_color_opacity=\"1\" column_backdrop_filter=\"none\" column_shadow=\"none\" column_border_radius=\"none\" column_link_target=\"_self\" column_position=\"default\" gradient_direction=\"left_to_right\" overlay_strength=\"0.3\" width=\"1\/2\" tablet_width_inherit=\"default\" animation_type=\"default\" bg_image_animation=\"none\" border_type=\"simple\" column_border_width=\"none\" column_border_style=\"solid\"][image_with_animation image_url=\"3230\" image_size=\"full\" animation_type=\"entrance\" animation=\"None\" animation_movement_type=\"transform_y\" hover_animation=\"none\" alignment=\"\" border_radius=\"20px\" box_shadow=\"small_depth\" image_loading=\"default\" max_width=\"100%\" max_width_mobile=\"default\" margin_top=\"250\"][nectar_btn size=\"jumbo\" button_style=\"regular\" button_color_2=\"Accent-Color\" icon_family=\"none\" text=\"Louer une voiture \u00e0 partir de 29 \u20ac\" url=\"https:\/\/allocar-martinique.fr\/fr\/categorie-citadine\/\" margin_top=\"50\"][\/vc_column][\/vc_row]\n","protected":false},"excerpt":{"rendered":"<p>[vc_row type=\"in_container\" full_screen_row_position=\"middle\" column_margin=\"default\" column_direction=\"default\" column_direction_tablet=\"default\" column_direction_phone=\"default\" scene_position=\"center\" text_color=\"dark\" text_align=\"left\" row_border_radius=\"none\" row_border_radius_applies=\"bg\" overflow=\"visible\" overlay_strength=\"0.3\" gradient_direction=\"left_to_right\" shape_divider_position=\"bottom\" bg_image_animation=\"none\"][vc_column column_padding=\"no-extra-padding\" column_padding_tablet=\"inherit\" column_padding_phone=\"inherit\" column_padding_position=\"all\" column_element_direction_desktop=\"default\" column_element_spacing=\"default\" desktop_text_alignment=\"default\" tablet_text_alignment=\"default\" phone_text_alignment=\"default\" background_color_opacity=\"1\" background_hover_color_opacity=\"1\" column_backdrop_filter=\"none\" column_shadow=\"none\"...<\/p>\n","protected":false},"author":1,"featured_media":3177,"comment_status":"closed","ping_status":"closed","sticky":false,"template":"","format":"standard","meta":{"inline_featured_image":false,"footnotes":""},"categories":[182],"tags":[],"class_list":{"0":"post-3173","1":"post","2":"type-post","3":"status-publish","4":"format-standard","5":"has-post-thumbnail","7":"category-destinations-populaires-en-martinique"},"yoast_head":"<!-- This site is optimized with the Yoast SEO plugin v27.5 - https:\/\/yoast.com\/product\/yoast-seo-wordpress\/ -->\n<title>Martinique en 10 jours itin\u00e9raire nord et sud en voiture<\/title>\n<meta name=\"description\" content=\"Allocar propose un carnet de bord quotidien m\u00ealant volcans, plages turquoise et villages cr\u00e9oles pour explorer la Martinique en toute libert\u00e9.\" \/>\n<meta name=\"robots\" content=\"index, follow, max-snippet:-1, max-image-preview:large, max-video-preview:-1\" \/>\n<link rel=\"canonical\" href=\"https:\/\/allocar-martinique.fr\/fr\/quelle-est-la-plus-belle-partie-de-martinique\/\" \/>\n<meta property=\"og:locale\" content=\"fr_FR\" \/>\n<meta property=\"og:type\" content=\"article\" \/>\n<meta property=\"og:title\" content=\"Martinique en 10 jours itin\u00e9raire nord et sud en voiture\" \/>\n<meta property=\"og:description\" content=\"Allocar propose un carnet de bord quotidien m\u00ealant volcans, plages turquoise et villages cr\u00e9oles pour explorer la Martinique en toute libert\u00e9.\" \/>\n<meta property=\"og:url\" content=\"https:\/\/allocar-martinique.fr\/fr\/quelle-est-la-plus-belle-partie-de-martinique\/\" \/>\n<meta property=\"og:site_name\" content=\"AlloCar Martinique\" \/>\n<meta property=\"article:publisher\" content=\"https:\/\/www.facebook.com\/allocarmartinique\" \/>\n<meta property=\"article:published_time\" content=\"2025-05-29T20:47:53+00:00\" \/>\n<meta property=\"og:image\" content=\"https:\/\/allocar-martinique.fr\/wp-content\/uploads\/2025\/05\/AdobeStock_241013633-1-1-1.jpeg\" \/>\n\t<meta property=\"og:image:width\" content=\"1170\" \/>\n\t<meta property=\"og:image:height\" content=\"653\" \/>\n\t<meta property=\"og:image:type\" content=\"image\/jpeg\" \/>\n<meta name=\"author\" content=\"novazeo\" \/>\n<meta name=\"twitter:card\" content=\"summary_large_image\" \/>\n<meta name=\"twitter:label1\" content=\"\u00c9crit par\" \/>\n\t<meta name=\"twitter:data1\" content=\"novazeo\" \/>\n\t<meta name=\"twitter:label2\" content=\"Dur\u00e9e de lecture estim\u00e9e\" \/>\n\t<meta name=\"twitter:data2\" content=\"10 minutes\" \/>\n<!-- \/ Yoast SEO plugin. -->","yoast_head_json":{"title":"Martinique en 10 jours itin\u00e9raire nord et sud en voiture","description":"Allocar propose un carnet de bord quotidien m\u00ealant volcans, plages turquoise et villages cr\u00e9oles pour explorer la Martinique en toute libert\u00e9.","robots":{"index":"index","follow":"follow","max-snippet":"max-snippet:-1","max-image-preview":"max-image-preview:large","max-video-preview":"max-video-preview:-1"},"canonical":"https:\/\/allocar-martinique.fr\/fr\/quelle-est-la-plus-belle-partie-de-martinique\/","og_locale":"fr_FR","og_type":"article","og_title":"Martinique en 10 jours itin\u00e9raire nord et sud en voiture","og_description":"Allocar propose un carnet de bord quotidien m\u00ealant volcans, plages turquoise et villages cr\u00e9oles pour explorer la Martinique en toute libert\u00e9.","og_url":"https:\/\/allocar-martinique.fr\/fr\/quelle-est-la-plus-belle-partie-de-martinique\/","og_site_name":"AlloCar Martinique","article_publisher":"https:\/\/www.facebook.com\/allocarmartinique","article_published_time":"2025-05-29T20:47:53+00:00","og_image":[{"width":1170,"height":653,"url":"https:\/\/allocar-martinique.fr\/wp-content\/uploads\/2025\/05\/AdobeStock_241013633-1-1-1.jpeg","type":"image\/jpeg"}],"author":"novazeo","twitter_card":"summary_large_image","twitter_misc":{"\u00c9crit par":"novazeo","Dur\u00e9e de lecture estim\u00e9e":"10 minutes"},"schema":{"@context":"https:\/\/schema.org","@graph":[{"@type":"Article","@id":"https:\/\/allocar-martinique.fr\/fr\/quelle-est-la-plus-belle-partie-de-martinique\/#article","isPartOf":{"@id":"https:\/\/allocar-martinique.fr\/fr\/quelle-est-la-plus-belle-partie-de-martinique\/"},"author":{"name":"novazeo","@id":"https:\/\/allocar-martinique.fr\/fr\/#\/schema\/person\/c6f8b0cde7daf1d891c203db113ca791"},"headline":"Quelle est la plus belle partie de Martinique ?","datePublished":"2025-05-29T20:47:53+00:00","mainEntityOfPage":{"@id":"https:\/\/allocar-martinique.fr\/fr\/quelle-est-la-plus-belle-partie-de-martinique\/"},"wordCount":5180,"publisher":{"@id":"https:\/\/allocar-martinique.fr\/fr\/#organization"},"image":{"@id":"https:\/\/allocar-martinique.fr\/fr\/quelle-est-la-plus-belle-partie-de-martinique\/#primaryimage"},"thumbnailUrl":"https:\/\/allocar-martinique.fr\/wp-content\/uploads\/2025\/05\/AdobeStock_241013633-1-1-1.jpeg","articleSection":["Destinations populaires en martinique"],"inLanguage":"fr-FR"},{"@type":"WebPage","@id":"https:\/\/allocar-martinique.fr\/fr\/quelle-est-la-plus-belle-partie-de-martinique\/","url":"https:\/\/allocar-martinique.fr\/fr\/quelle-est-la-plus-belle-partie-de-martinique\/","name":"Martinique en 10 jours itin\u00e9raire nord et sud en voiture","isPartOf":{"@id":"https:\/\/allocar-martinique.fr\/fr\/#website"},"primaryImageOfPage":{"@id":"https:\/\/allocar-martinique.fr\/fr\/quelle-est-la-plus-belle-partie-de-martinique\/#primaryimage"},"image":{"@id":"https:\/\/allocar-martinique.fr\/fr\/quelle-est-la-plus-belle-partie-de-martinique\/#primaryimage"},"thumbnailUrl":"https:\/\/allocar-martinique.fr\/wp-content\/uploads\/2025\/05\/AdobeStock_241013633-1-1-1.jpeg","datePublished":"2025-05-29T20:47:53+00:00","description":"Allocar propose un carnet de bord quotidien m\u00ealant volcans, plages turquoise et villages cr\u00e9oles pour explorer la Martinique en toute libert\u00e9.","breadcrumb":{"@id":"https:\/\/allocar-martinique.fr\/fr\/quelle-est-la-plus-belle-partie-de-martinique\/#breadcrumb"},"inLanguage":"fr-FR","potentialAction":[{"@type":"ReadAction","target":["https:\/\/allocar-martinique.fr\/fr\/quelle-est-la-plus-belle-partie-de-martinique\/"]}]},{"@type":"ImageObject","inLanguage":"fr-FR","@id":"https:\/\/allocar-martinique.fr\/fr\/quelle-est-la-plus-belle-partie-de-martinique\/#primaryimage","url":"https:\/\/allocar-martinique.fr\/wp-content\/uploads\/2025\/05\/AdobeStock_241013633-1-1-1.jpeg","contentUrl":"https:\/\/allocar-martinique.fr\/wp-content\/uploads\/2025\/05\/AdobeStock_241013633-1-1-1.jpeg","width":1170,"height":653},{"@type":"BreadcrumbList","@id":"https:\/\/allocar-martinique.fr\/fr\/quelle-est-la-plus-belle-partie-de-martinique\/#breadcrumb","itemListElement":[{"@type":"ListItem","position":1,"name":"Accueil","item":"https:\/\/allocar-martinique.fr\/fr\/"},{"@type":"ListItem","position":2,"name":"Quelle est la plus belle partie de Martinique ?"}]},{"@type":"WebSite","@id":"https:\/\/allocar-martinique.fr\/fr\/#website","url":"https:\/\/allocar-martinique.fr\/fr\/","name":"AlloCar Martinique","description":"","publisher":{"@id":"https:\/\/allocar-martinique.fr\/fr\/#organization"},"potentialAction":[{"@type":"SearchAction","target":{"@type":"EntryPoint","urlTemplate":"https:\/\/allocar-martinique.fr\/fr\/?s={search_term_string}"},"query-input":{"@type":"PropertyValueSpecification","valueRequired":true,"valueName":"search_term_string"}}],"inLanguage":"fr-FR"},{"@type":"Organization","@id":"https:\/\/allocar-martinique.fr\/fr\/#organization","name":"AlloCar Martinique","url":"https:\/\/allocar-martinique.fr\/fr\/","logo":{"@type":"ImageObject","inLanguage":"fr-FR","@id":"https:\/\/allocar-martinique.fr\/fr\/#\/schema\/logo\/image\/","url":"https:\/\/allocar-martinique.fr\/wp-content\/uploads\/2024\/08\/LOGO-ALLOCAR-MARTINIQUE.svg","contentUrl":"https:\/\/allocar-martinique.fr\/wp-content\/uploads\/2024\/08\/LOGO-ALLOCAR-MARTINIQUE.svg","width":130,"height":66,"caption":"AlloCar Martinique"},"image":{"@id":"https:\/\/allocar-martinique.fr\/fr\/#\/schema\/logo\/image\/"},"sameAs":["https:\/\/www.facebook.com\/allocarmartinique","https:\/\/www.instagram.com\/allocarmartinique\/"]},{"@type":"Person","@id":"https:\/\/allocar-martinique.fr\/fr\/#\/schema\/person\/c6f8b0cde7daf1d891c203db113ca791","name":"novazeo","sameAs":["http:\/\/allocar-martinique.fr"]}]}},"_links":{"self":[{"href":"https:\/\/allocar-martinique.fr\/fr\/wp-json\/wp\/v2\/posts\/3173","targetHints":{"allow":["GET"]}}],"collection":[{"href":"https:\/\/allocar-martinique.fr\/fr\/wp-json\/wp\/v2\/posts"}],"about":[{"href":"https:\/\/allocar-martinique.fr\/fr\/wp-json\/wp\/v2\/types\/post"}],"author":[{"embeddable":true,"href":"https:\/\/allocar-martinique.fr\/fr\/wp-json\/wp\/v2\/users\/1"}],"replies":[{"embeddable":true,"href":"https:\/\/allocar-martinique.fr\/fr\/wp-json\/wp\/v2\/comments?post=3173"}],"version-history":[{"count":12,"href":"https:\/\/allocar-martinique.fr\/fr\/wp-json\/wp\/v2\/posts\/3173\/revisions"}],"predecessor-version":[{"id":3239,"href":"https:\/\/allocar-martinique.fr\/fr\/wp-json\/wp\/v2\/posts\/3173\/revisions\/3239"}],"wp:featuredmedia":[{"embeddable":true,"href":"https:\/\/allocar-martinique.fr\/fr\/wp-json\/wp\/v2\/media\/3177"}],"wp:attachment":[{"href":"https:\/\/allocar-martinique.fr\/fr\/wp-json\/wp\/v2\/media?parent=3173"}],"wp:term":[{"taxonomy":"category","embeddable":true,"href":"https:\/\/allocar-martinique.fr\/fr\/wp-json\/wp\/v2\/categories?post=3173"},{"taxonomy":"post_tag","embeddable":true,"href":"https:\/\/allocar-martinique.fr\/fr\/wp-json\/wp\/v2\/tags?post=3173"}],"curies":[{"name":"wp","href":"https:\/\/api.w.org\/{rel}","templated":true}]}}